{"id":5653,"date":"2017-06-22T18:07:59","date_gmt":"2017-06-22T23:07:59","guid":{"rendered":"http:\/\/www.inter-accion.com.mx\/?p=5653"},"modified":"2017-06-22T18:07:59","modified_gmt":"2017-06-22T23:07:59","slug":"congreso-pide-al-estado-mexicano-mas-seguridad-publica-y-procuracion-de-justicia","status":"publish","type":"post","link":"https:\/\/www.interaccionnoticias.com.mx\/?p=5653","title":{"rendered":"Congreso pide al Estado Mexicano m\u00e1s Seguridad P\u00fablica y Procuraci\u00f3n de Justicia"},"content":{"rendered":"<div id=\"m_-4915079785520361428divRplyFwdMsg\" dir=\"ltr\">\n<strong>Lamentan descalabro de PGR en el intento por capturar a \u00abEl Tequilero\u00bb &nbsp;<\/strong>\n<\/div>\n<div id=\"m_-4915079785520361428divRplyFwdMsg\" dir=\"ltr\">Con el voto en contra de Morena, el Congreso del estado solicit\u00f3 &nbsp;a los titulares de las dependencias estatales y federales de Seguridad P\u00fablica y Procuraci\u00f3n de Justicia, a que se coordinen y realicen operativos para brindar seguridad a la ciudadan\u00eda, principalmente a los habitantes de la regi\u00f3n de Tierra Caliente.\n<\/div>\n<div>\n<div dir=\"ltr\">\n<p class=\"m_-4915079785520361428gmail-xmsonospacing\">Tambi\u00e9n condenaron el ataque que sufrieron el lunes pasado efectivos de la Agencia de Investigaci\u00f3n Criminal (AIC) en la comunidad de La Gavia, municipio de San Miguel Totolapan, por parte de delincuentes, quienes asesinaron a cuatro agentes, e hirieron a siete.<\/p>\n<p class=\"m_-4915079785520361428gmail-xmsonospacing\">En sesi\u00f3n ordinaria de este jueves, la fracci\u00f3n parlamentaria de Movimiento Ciudadano present\u00f3 el punto de acuerdo dirigido a los titulares de la Secretaria de Gobernaci\u00f3n, de la Comisi\u00f3n Nacional de Seguridad, de la Procuradur\u00eda General de la Rep\u00fablica, de la Secretar\u00eda de la Defensa Nacional, de la Secretar\u00eda de Marina, de la Secretar\u00eda de Seguridad P\u00fablica estatal, y de la Fiscal\u00eda General del Estado, para que coordinen sus acciones en pro de la seguridad de la ciudadan\u00eda.<\/p>\n<p class=\"m_-4915079785520361428gmail-xmsonospacing\">El coordinador de la fracci\u00f3n, el diputado Ricardo Mej\u00eda Berdeja, expuso que frente a la crisis de inseguridad por la que atraviesa el estado, y empoderamiento de los grupos criminales, es fundamental la coordinaci\u00f3n entre los tres niveles de gobierno para combatirlos, al tiempo que expuso cifras del costo de la violencia en Guerrero.<\/p>\n<p class=\"m_-4915079785520361428gmail-xmsonospacing\">\u201cSeg\u00fan el informe que hoy se present\u00f3 en Acapulco, de parte del Instituto para la Econom\u00eda y la Paz, representa una cantidad monstruosa: alrededor de 53 mil pesos por habitante es el impacto de la violencia en estado (\u2026) la violencia en 2016 cost\u00f3 para Guerrero 192 mil 400 millones de pesos, es decir, casi el 73 por ciento del producto interno bruto, lo que implica casi cuatro veces el presupuesto estatal del estado, que como todos sabemos es de 50 mil 300 millones de pesos, es decir, por eso el tema de la mejor coordinaci\u00f3n entre la federaci\u00f3n, el estado y los municipios\u201d, se\u00f1al\u00f3.<\/p>\n<p class=\"m_-4915079785520361428gmail-xmsonospacing\">Record\u00f3 que tras el ataque de la delincuencia organizada a agentes de la AIC, se registr\u00f3 un desplazamiento forzado interno de familias habitantes de La Gavia, por lo que se hace necesario que se garantice la seguridad de los habitantes en esta regi\u00f3n del estado.<\/p>\n<p class=\"m_-4915079785520361428gmail-xmsonospacing\">Contextualiz\u00f3 los datos que ayer dio a conocer el Secretariado Ejecutivo del Sistema Nacional de Seguridad P\u00fablica, en los que se exhibe a Guerrero como el estado m\u00e1s violento del pa\u00eds, durante el mes de mayo, con un registro de 216 homicidios dolosos, 35 por ciento de ellos en Acapulco.<\/p>\n<p class=\"m_-4915079785520361428gmail-xmsonospacing\">El exhorto se aprob\u00f3 por mayor\u00eda calificada, toda vez que la representante de Morena, la diputada Mar\u00eda de Jes\u00fas Cisneros Mart\u00ednez, vot\u00f3 en contra al considerar que la violencia no debe combatirse con m\u00e1s efectivos militares y policiacos.<\/p>\n<p class=\"m_-4915079785520361428gmail-xmsonospacing\">\u201cNo se justifica el uso de la fuerza en un estado como Guerrero, donde la pobreza, la marginaci\u00f3n y la falta de oportunidades para los j\u00f3venes, no se combaten a trav\u00e9s de un plan de desarrollo y de crecimiento econ\u00f3mico (\u2026) Guerrero es un estado militarizado desde hace muchos a\u00f1os, pero la pobreza sigue aqu\u00ed y por eso no se justifican m\u00e1s medidas represivas\u201d, justific\u00f3 al negar su voto al exhorto. &nbsp;<\/p>\n<p class=\"m_-4915079785520361428gmail-xmsonospacing\">El diputado perredista, Ociel Garc\u00eda Trujillo, defendi\u00f3 su voto a favor al se\u00f1alar que la ola de violencia en la regi\u00f3n de Tierra Caliente cada vez es m\u00e1s complicada para los ciudadanos, al igual que para el resto del estado, pero se centr\u00f3 en reprochar las agresiones en contra de militantes de su partido durante los \u00faltimos meses.<\/p>\n<p class=\"m_-4915079785520361428gmail-xmsonospacing\">Record\u00f3 que el pasado martes, el ex diputado Pablo \u00c1valos fue lesionado por arma de fuego de polic\u00edas estatales debido&nbsp; una presunta confusi\u00f3n, agresi\u00f3n que se suma a la de l\u00edderes, presidentes municipales,&nbsp; ex diputados del PRD.<\/p>\n<p class=\"m_-4915079785520361428gmail-xmsonospacing\">Garc\u00eda Trujillo solicit\u00f3 que el gobierno del estado brinde medidas cautelares a Pablo \u00c1valos para garantizar sus seguridad,&nbsp; y que la Fiscal\u00eda General del Estado investigue los hechos para que tengan una connotaci\u00f3n pol\u00edtica.<\/p>\n<p class=\"m_-4915079785520361428gmail-xmsonospacing\">\u201cEsto tal pareciera que ejerce un clima raro ante una situaci\u00f3n que est\u00e1 pasando en Acapulco con el tema de las comisarias, y donde ha tenido fricciones directas con el presidente del Comit\u00e9 del PRI, y que esto para que no se preste a malas intenciones o dudas, se tiene que analizar, se tiene ver, no nada m\u00e1s es un asunto de que perd\u00f3n, borr\u00f3n y cuenta nueva\u201d, coment\u00f3.<\/p>\n<p class=\"m_-4915079785520361428gmail-xmsonospacing\">Dijo que se tiene que revisar la capacitaci\u00f3n de los polic\u00edas estatales, porque no pueden cometer errores \u201ctan jodidos\u201d que pueden costar lesiones, o la vida de cualquier persona.<\/p>\n<\/div>\n<\/div>\n","protected":false},"excerpt":{"rendered":"<p>Lamentan descalabro de PGR en el intento por capturar a \u00abEl Tequilero\u00bb &nbsp; Con el voto en contra de Morena, el Congreso del estado solicit\u00f3 &nbsp;a los titulares de las&hellip; <\/p>\n","protected":false},"author":1,"featured_media":0,"comment_status":"closed","ping_status":"closed","sticky":false,"template":"","format":"standard","meta":{"fifu_image_url":"","fifu_image_alt":"","footnotes":""},"categories":[2,8],"tags":[],"class_list":["post-5653","post","type-post","status-publish","format-standard","hentry","category-congreso","category-featured"],"_links":{"self":[{"href":"https:\/\/www.interaccionnoticias.com.mx\/index.php?rest_route=\/wp\/v2\/posts\/5653","targetHints":{"allow":["GET"]}}],"collection":[{"href":"https:\/\/www.interaccionnoticias.com.mx\/index.php?rest_route=\/wp\/v2\/posts"}],"about":[{"href":"https:\/\/www.interaccionnoticias.com.mx\/index.php?rest_route=\/wp\/v2\/types\/post"}],"author":[{"embeddable":true,"href":"https:\/\/www.interaccionnoticias.com.mx\/index.php?rest_route=\/wp\/v2\/users\/1"}],"replies":[{"embeddable":true,"href":"https:\/\/www.interaccionnoticias.com.mx\/index.php?rest_route=%2Fwp%2Fv2%2Fcomments&post=5653"}],"version-history":[{"count":0,"href":"https:\/\/www.interaccionnoticias.com.mx\/index.php?rest_route=\/wp\/v2\/posts\/5653\/revisions"}],"wp:attachment":[{"href":"https:\/\/www.interaccionnoticias.com.mx\/index.php?rest_route=%2Fwp%2Fv2%2Fmedia&parent=5653"}],"wp:term":[{"taxonomy":"category","embeddable":true,"href":"https:\/\/www.interaccionnoticias.com.mx\/index.php?rest_route=%2Fwp%2Fv2%2Fcategories&post=5653"},{"taxonomy":"post_tag","embeddable":true,"href":"https:\/\/www.interaccionnoticias.com.mx\/index.php?rest_route=%2Fwp%2Fv2%2Ftags&post=5653"}],"curies":[{"name":"wp","href":"https:\/\/api.w.org\/{rel}","templated":true}]}}