{"id":56456,"date":"2023-01-24T20:43:10","date_gmt":"2023-01-25T02:43:10","guid":{"rendered":"https:\/\/interaccionnoticias.com.mx\/?p=56456"},"modified":"2023-01-24T20:43:16","modified_gmt":"2023-01-25T02:43:16","slug":"lanzan-en-guerrero-campana-lopez-x-lopez-en-apoyo-a-adan-augusto","status":"publish","type":"post","link":"https:\/\/www.interaccionnoticias.com.mx\/?p=56456","title":{"rendered":"Lanzan en Guerrero campa\u00f1a \u201cL\u00f3pez x L\u00f3pez\u201d en apoyo a Ad\u00e1n Augusto"},"content":{"rendered":"\n<p><strong><em>&#8212; Promover\u00e1n el trabajo del secretario de Gobernaci\u00f3n y recoger\u00e1n la demanda social, explica el dirigente del MTG, Silvestre Arizmendi<br>&#8212; Ad\u00e1n Augusto cuenta con el perfil id\u00f3neo para suplir a AMLO, se\u00f1ala el diputado Antonio Helguera<\/em><\/strong><\/p>\n\n\n\n<p><strong>Chilpancingo, Gro., 24 de enero de 2023.-<\/strong> Integrantes del Movimiento Transformador de Guerrero (MTG), asociaci\u00f3n civil que promueve al secretario de Gobernaci\u00f3n, Ad\u00e1n Augusto L\u00f3pez Hern\u00e1ndez, rumbo a la Presidencia de la Rep\u00fablica en 2024, anunciaron la campa\u00f1a \u201cL\u00f3pez x L\u00f3pez\u201d en apoyo a la continuidad de la Cuarta Transformaci\u00f3n que encabeza Andr\u00e9s Manuel L\u00f3pez Obrador.<\/p>\n\n\n\n<p>En conferencia de prensa, a la que asistieron liderazgos de las siete regiones del estado, se dio a conocer la segunda etapa de trabajo organizativo de la agrupaci\u00f3n, donde elaborar\u00e1n un documento que plasme las necesidades y problem\u00e1ticas de los ciudadanos que ir\u00e1n recogiendo en cada uno de sus recorridos y que entregar\u00e1n a Ad\u00e1n Augusto.<\/p>\n\n\n\n<p>\u201cVamos a recoger la demanda social, el sentir de los guerrerenses, para hacerlo llegar al secretario de Gobernaci\u00f3n, porque no s\u00f3lo se trata de ir endulz\u00e1ndole el o\u00eddo al pueblo, sino de recabar sus opiniones y hacer part\u00edcipe a la ciudadan\u00eda de su gobierno\u201d, indic\u00f3 Silvestre Arizmendi Torres, coordinador del MTG.<\/p>\n\n\n\n<p>Destac\u00f3 que el Movimiento lo integran cuadros importantes de cada regi\u00f3n de la entidad; \u201caqu\u00ed somos un gran equipo plural y no nos basamos en un solo liderazgo, nuestros intereses van m\u00e1s all\u00e1 de cualquier aspiraci\u00f3n personal, por muy leg\u00edtima que sea\u201d, remarc\u00f3.<\/p>\n\n\n\n<p>Dijo que la campa\u00f1a \u201cL\u00f3pez x L\u00f3pez\u201d consiste en el respaldo a los programas sociales y acciones pol\u00edticas del presidente, \u201cpero tambi\u00e9n en reconocer el trabajo que ha venido realizando desde la secretar\u00eda de Gobernaci\u00f3n, Ad\u00e1n Augusto L\u00f3pez Hern\u00e1ndez\u201d.<\/p>\n\n\n\n<p>En su participaci\u00f3n, el legislador local Antonio Helguera Jim\u00e9nez, integrante de la comisi\u00f3n pol\u00edtica del MTG, destac\u00f3 que el titular de SEGOB cuenta con el perfil id\u00f3neo para suplir a Andr\u00e9s Manuel L\u00f3pez Obrador, y por tal raz\u00f3n ha venido subiendo de manera exponencial en las encuestas, porque los mexicanos vemos en \u00e9l a un hombre firme en sus convicciones por transformar al pa\u00eds.<\/p>\n\n\n\n<p>Destac\u00f3 el trabajo que ha venido realizando el funcionario federal para lograr la aprobaci\u00f3n de las reformas estructurales que convienen al pa\u00eds y que el presidente ha venido impulsado.<\/p>\n\n\n\n<p>Por su parte, el ex rector de la Universidad Aut\u00f3noma de Guerrero (UAGro), Arturo Contreras G\u00f3mez, llam\u00f3 a los guerrerenses a sumarse a este proyecto ganador, \u201caqu\u00ed necesitamos a una persona que resuelva las problem\u00e1ticas de la poblaci\u00f3n y Ad\u00e1n Augusto ha demostrado con hechos que es un hombre que resuelve y que le ayuda mucho a L\u00f3pez Obrador\u201d.<\/p>\n\n\n\n<p>En ese mismo sentido, el diputado local por la Costa Grande, Fortunato Hern\u00e1ndez Carbajal, se sum\u00f3 al llamado de seguir luchando para impedir que la derecha regrese al poder, y ayudar a que la transformaci\u00f3n llegue a cada rinc\u00f3n de Guerrero, con bienestar social y desarrollo econ\u00f3mico.<\/p>\n\n\n\n<p>En el evento, estuvieron presentes dirigentes de Morena, ex representantes populares, luchadores sociales, dirigentes sindicales, j\u00f3venes universitarios, una asociaci\u00f3n de ind\u00edgenas de la Monta\u00f1a, organizaciones civiles e integrantes del comit\u00e9 directivo estatal de la asociaci\u00f3n pol\u00edtica Bienestar, que est\u00e1 en proceso de convertirse en partido pol\u00edtico local.<\/p>\n\n\n\n<figure class=\"wp-block-gallery columns-1 is-cropped wp-block-gallery-1 is-layout-flex wp-block-gallery-is-layout-flex\"><ul class=\"blocks-gallery-grid\"><li class=\"blocks-gallery-item\"><figure><img decoding=\"async\" src=\"data:image\/gif;base64,R0lGODlhAQABAIAAAAAAAP\/\/\/ywAAAAAAQABAAACAUwAOw==\" fifu-lazy=\"1\" fifu-data-sizes=\"auto\" fifu-data-srcset=\"https:\/\/i2.wp.com\/interaccionnoticias.com.mx\/wp-content\/uploads\/2023\/01\/230124-Lopez-x-Lopez-1024x396.jpeg?ssl=1&w=75&resize=75&ssl=1 75w, https:\/\/i2.wp.com\/interaccionnoticias.com.mx\/wp-content\/uploads\/2023\/01\/230124-Lopez-x-Lopez-1024x396.jpeg?ssl=1&w=100&resize=100&ssl=1 100w, https:\/\/i2.wp.com\/interaccionnoticias.com.mx\/wp-content\/uploads\/2023\/01\/230124-Lopez-x-Lopez-1024x396.jpeg?ssl=1&w=150&resize=150&ssl=1 150w, https:\/\/i2.wp.com\/interaccionnoticias.com.mx\/wp-content\/uploads\/2023\/01\/230124-Lopez-x-Lopez-1024x396.jpeg?ssl=1&w=240&resize=240&ssl=1 240w, https:\/\/i2.wp.com\/interaccionnoticias.com.mx\/wp-content\/uploads\/2023\/01\/230124-Lopez-x-Lopez-1024x396.jpeg?ssl=1&w=320&resize=320&ssl=1 320w, https:\/\/i2.wp.com\/interaccionnoticias.com.mx\/wp-content\/uploads\/2023\/01\/230124-Lopez-x-Lopez-1024x396.jpeg?ssl=1&w=500&resize=500&ssl=1 500w, https:\/\/i2.wp.com\/interaccionnoticias.com.mx\/wp-content\/uploads\/2023\/01\/230124-Lopez-x-Lopez-1024x396.jpeg?ssl=1&w=640&resize=640&ssl=1 640w, https:\/\/i2.wp.com\/interaccionnoticias.com.mx\/wp-content\/uploads\/2023\/01\/230124-Lopez-x-Lopez-1024x396.jpeg?ssl=1&w=800&resize=800&ssl=1 800w, https:\/\/i2.wp.com\/interaccionnoticias.com.mx\/wp-content\/uploads\/2023\/01\/230124-Lopez-x-Lopez-1024x396.jpeg?ssl=1&w=1024&resize=1024&ssl=1 1024w, https:\/\/i2.wp.com\/interaccionnoticias.com.mx\/wp-content\/uploads\/2023\/01\/230124-Lopez-x-Lopez-1024x396.jpeg?ssl=1&w=1280&resize=1280&ssl=1 1280w, https:\/\/i2.wp.com\/interaccionnoticias.com.mx\/wp-content\/uploads\/2023\/01\/230124-Lopez-x-Lopez-1024x396.jpeg?ssl=1&w=1600&resize=1600&ssl=1 1600w\" fifu-data-src=\"https:\/\/i2.wp.com\/interaccionnoticias.com.mx\/wp-content\/uploads\/2023\/01\/230124-Lopez-x-Lopez-1024x396.jpeg?ssl=1\" alt=\"\" data-id=\"56458\" data-full-url=\"https:\/\/interaccionnoticias.com.mx\/wp-content\/uploads\/2023\/01\/230124-Lopez-x-Lopez.jpeg\" data-link=\"https:\/\/interaccionnoticias.com.mx\/?attachment_id=56458\" class=\"wp-image-56458\"\/><\/figure><\/li><\/ul><\/figure>\n","protected":false},"excerpt":{"rendered":"<p>&#8212; Promover\u00e1n el trabajo del secretario de Gobernaci\u00f3n y recoger\u00e1n la demanda social, explica el dirigente del MTG, Silvestre Arizmendi&#8212; Ad\u00e1n Augusto cuenta con el perfil id\u00f3neo para suplir a&hellip; <\/p>\n","protected":false},"author":19,"featured_media":56457,"comment_status":"open","ping_status":"open","sticky":false,"template":"","format":"standard","meta":{"fifu_image_url":"","fifu_image_alt":"","footnotes":""},"categories":[21],"tags":[],"class_list":["post-56456","post","type-post","status-publish","format-standard","has-post-thumbnail","hentry","category-politica"],"_links":{"self":[{"href":"https:\/\/www.interaccionnoticias.com.mx\/index.php?rest_route=\/wp\/v2\/posts\/56456","targetHints":{"allow":["GET"]}}],"collection":[{"href":"https:\/\/www.interaccionnoticias.com.mx\/index.php?rest_route=\/wp\/v2\/posts"}],"about":[{"href":"https:\/\/www.interaccionnoticias.com.mx\/index.php?rest_route=\/wp\/v2\/types\/post"}],"author":[{"embeddable":true,"href":"https:\/\/www.interaccionnoticias.com.mx\/index.php?rest_route=\/wp\/v2\/users\/19"}],"replies":[{"embeddable":true,"href":"https:\/\/www.interaccionnoticias.com.mx\/index.php?rest_route=%2Fwp%2Fv2%2Fcomments&post=56456"}],"version-history":[{"count":1,"href":"https:\/\/www.interaccionnoticias.com.mx\/index.php?rest_route=\/wp\/v2\/posts\/56456\/revisions"}],"predecessor-version":[{"id":56459,"href":"https:\/\/www.interaccionnoticias.com.mx\/index.php?rest_route=\/wp\/v2\/posts\/56456\/revisions\/56459"}],"wp:featuredmedia":[{"embeddable":true,"href":"https:\/\/www.interaccionnoticias.com.mx\/index.php?rest_route=\/wp\/v2\/media\/56457"}],"wp:attachment":[{"href":"https:\/\/www.interaccionnoticias.com.mx\/index.php?rest_route=%2Fwp%2Fv2%2Fmedia&parent=56456"}],"wp:term":[{"taxonomy":"category","embeddable":true,"href":"https:\/\/www.interaccionnoticias.com.mx\/index.php?rest_route=%2Fwp%2Fv2%2Fcategories&post=56456"},{"taxonomy":"post_tag","embeddable":true,"href":"https:\/\/www.interaccionnoticias.com.mx\/index.php?rest_route=%2Fwp%2Fv2%2Ftags&post=56456"}],"curies":[{"name":"wp","href":"https:\/\/api.w.org\/{rel}","templated":true}]}}