{"id":56453,"date":"2023-01-24T20:38:03","date_gmt":"2023-01-25T02:38:03","guid":{"rendered":"https:\/\/interaccionnoticias.com.mx\/?p=56453"},"modified":"2023-01-24T20:38:07","modified_gmt":"2023-01-25T02:38:07","slug":"alcalde-pide-que-se-deje-de-etiquetar-a-iguala-por-el-caso-de-los-43","status":"publish","type":"post","link":"https:\/\/www.interaccionnoticias.com.mx\/?p=56453","title":{"rendered":"Alcalde pide que se deje de \u201cetiquetar\u201d a Iguala por el caso de los 43"},"content":{"rendered":"\n<p><strong><em>&#8212; No hay polic\u00edas municipales desde hace m\u00e1s de 2 a\u00f1os y medio, se\u00f1ala David Gama<br>&#8212; Es posible que se reactive la polic\u00eda preventiva en febrero<\/em><\/strong><\/p>\n\n\n\n<p><strong>Rosario Garc\u00eda Orozco<\/strong><\/p>\n\n\n\n<p><strong>Chilpancingo, Gro., 24 de enero del 2023.-<\/strong> El presidente municipal de Iguala, David Gama P\u00e9rez consider\u00f3 que ya es hora de que se deje de etiquetar esa ciudad por el caso de los 43 estudiantes de Ayotzinapa desaparecidos en septiembre del 2014, \u00abpara eso estamos participando con importantes inversiones en obra p\u00fablica, de manera conjunta con el estado y la federaci\u00f3n, queremos cambiarle la imagen a la Cuna de la Bandera\u00bb.<\/p>\n\n\n\n<p>Reconoci\u00f3 que s\u00ed se registran hechos de violencia en la ciudad tamarindera, \u00abpero la inseguridad no s\u00f3lo es un asunto de Iguala, es en todo el estado y en el pa\u00eds, nosotros estamos en coordinaci\u00f3n como municipio con el estado y la federaci\u00f3n, y nos aplicamos en la parte que nos toca contribuir, mantenemos buena comunicaci\u00f3n con la SEDENA, la MARINA, tenemos elementos de la Guardia Nacional que nos est\u00e1n ayudando a cuidar el orden de la ciudad\u00bb.<\/p>\n\n\n\n<p>Gama P\u00e9rez confi\u00f3 en que en el mes de febrero pr\u00f3ximo ya pueda funcionar la polic\u00eda preventiva, despu\u00e9s de m\u00e1s de dos a\u00f1os y medio sin que operaran, tras perder el permiso colectivo para la portacion de armas de sus elementos policiacos, \u00aben estos d\u00edas estamos por liberar las licencias, para que ya se pueda activar la polic\u00eda municipal, para hacer nuestro trabajo en el aspecto preventivo\u00bb.<\/p>\n\n\n\n<p>Sostuvo que de momento s\u00f3lo cuenta el ayuntamiento con 63 polic\u00edas debidamente certificados, de los 200 que se requiere para cumplir con el par\u00e1metro, de acuerdo con la poblaci\u00f3n del municipio, \u00abpero para poder certificar un polic\u00eda, es un proceso muy dif\u00edcil y caro\u00bb.<\/p>\n\n\n\n<p>Cabe recordar que en 2014, tras los hechos violentos que dejaron como saldo por lo menos 6 personas muertas y 43 estudiantes desaparecidos, la Federaci\u00f3n desarm\u00f3 a los polic\u00edas preventivos, y atrajo el mando de seguridad el municipio, m\u00e1s adelante volvieron a reactivarse los polic\u00edas preventivos, y posteriormente, en 2018, de nueva cuenta les fue retirada la licencia colectiva \u00abllevamos 2 a\u00f1os y medio sin polic\u00edas en activo. Este mes de febrero espero se vuelvan a reactivar\u00bb.<\/p>\n","protected":false},"excerpt":{"rendered":"<p>&#8212; No hay polic\u00edas municipales desde hace m\u00e1s de 2 a\u00f1os y medio, se\u00f1ala David Gama&#8212; Es posible que se reactive la polic\u00eda preventiva en febrero Rosario Garc\u00eda Orozco Chilpancingo,&hellip; <\/p>\n","protected":false},"author":14,"featured_media":56454,"comment_status":"open","ping_status":"open","sticky":false,"template":"","format":"standard","meta":{"fifu_image_url":"","fifu_image_alt":"","footnotes":""},"categories":[23],"tags":[],"class_list":["post-56453","post","type-post","status-publish","format-standard","has-post-thumbnail","hentry","category-regionales"],"_links":{"self":[{"href":"https:\/\/www.interaccionnoticias.com.mx\/index.php?rest_route=\/wp\/v2\/posts\/56453","targetHints":{"allow":["GET"]}}],"collection":[{"href":"https:\/\/www.interaccionnoticias.com.mx\/index.php?rest_route=\/wp\/v2\/posts"}],"about":[{"href":"https:\/\/www.interaccionnoticias.com.mx\/index.php?rest_route=\/wp\/v2\/types\/post"}],"author":[{"embeddable":true,"href":"https:\/\/www.interaccionnoticias.com.mx\/index.php?rest_route=\/wp\/v2\/users\/14"}],"replies":[{"embeddable":true,"href":"https:\/\/www.interaccionnoticias.com.mx\/index.php?rest_route=%2Fwp%2Fv2%2Fcomments&post=56453"}],"version-history":[{"count":1,"href":"https:\/\/www.interaccionnoticias.com.mx\/index.php?rest_route=\/wp\/v2\/posts\/56453\/revisions"}],"predecessor-version":[{"id":56455,"href":"https:\/\/www.interaccionnoticias.com.mx\/index.php?rest_route=\/wp\/v2\/posts\/56453\/revisions\/56455"}],"wp:featuredmedia":[{"embeddable":true,"href":"https:\/\/www.interaccionnoticias.com.mx\/index.php?rest_route=\/wp\/v2\/media\/56454"}],"wp:attachment":[{"href":"https:\/\/www.interaccionnoticias.com.mx\/index.php?rest_route=%2Fwp%2Fv2%2Fmedia&parent=56453"}],"wp:term":[{"taxonomy":"category","embeddable":true,"href":"https:\/\/www.interaccionnoticias.com.mx\/index.php?rest_route=%2Fwp%2Fv2%2Fcategories&post=56453"},{"taxonomy":"post_tag","embeddable":true,"href":"https:\/\/www.interaccionnoticias.com.mx\/index.php?rest_route=%2Fwp%2Fv2%2Ftags&post=56453"}],"curies":[{"name":"wp","href":"https:\/\/api.w.org\/{rel}","templated":true}]}}