{"id":56441,"date":"2023-01-24T20:19:49","date_gmt":"2023-01-25T02:19:49","guid":{"rendered":"https:\/\/interaccionnoticias.com.mx\/?p=56441"},"modified":"2023-01-24T20:19:54","modified_gmt":"2023-01-25T02:19:54","slug":"libro-sobre-alejandro-cervantes-reune-a-la-clase-politica-del-pri","status":"publish","type":"post","link":"https:\/\/www.interaccionnoticias.com.mx\/?p=56441","title":{"rendered":"Libro sobre Alejandro Cervantes re\u00fane a la clase pol\u00edtica del PRI"},"content":{"rendered":"\n<p><strong><em>&#8212; Entre los presentadores estuvo el ex gobernador H\u00e9ctor Astudillo Flores<\/em><\/strong><\/p>\n\n\n\n<p><strong>Eduardo Yener Santos<\/strong><\/p>\n\n\n\n<p>El libro \u201cAlejandro Cervantes Delgado; Congruencia entre discurso y hechos\u201d reuni\u00f3 a parte de la clase pol\u00edtica del PRI en Guerrero.<\/p>\n\n\n\n<p>La presentaci\u00f3n de este libro, reuni\u00f3 a ex funcionarios de la pasada administraci\u00f3n estatal. Durante el acto de presentaci\u00f3n en el sal\u00f3n cuicali de Chilpancingo, acudi\u00f3 el ex gobernador, H\u00e9ctor Astudillo Flores quien present\u00f3 la obra.<\/p>\n\n\n\n<p>El libro de 420 p\u00e1ginas de la Fundaci\u00f3n Cervantes Delgado, es una recopilaci\u00f3n de discursos de gobierno que Cervantes Delgado pronunci\u00f3 durante el periodo 1981\u20131987 cuando fungi\u00f3 como gobernador de Guerrero.<\/p>\n\n\n\n<p>La presentaci\u00f3n del libro estuvo a cargo del ex gobernador, H\u00e9ctor Astudillo frente a unas 200 personas; ex funcionarios, diputados locales, alcaldes y ex trabajadores de gobierno.<\/p>\n\n\n\n<p>Astudillo Flores destac\u00f3 que Cervantes Delgado fue un guerrerense que gobern\u00f3 la entidad sin soberbia en el poder ni sectarismos en la obra p\u00fablica y, apunt\u00f3 que Alejandro Cervantes es uno de los gobernadores queridos y respetados.<\/p>\n\n\n\n<p>Entre los asistentes estuvieron personas que fueron cercanas Alejandro Cervantes; la ex diputada local, Guadalupe G\u00f3mez Maganda; el ex senador Luis Wualton; el diputado local, H\u00e9ctor Apreza y el ex secretario de Planeaci\u00f3n y Desarrollo Regional, David Guzm\u00e1n Maldonado.<\/p>\n\n\n\n<p>En el cuchicheo algunos de los asistentes comentaron sobre la ausencia del ex gobernador, \u00c1ngel Aguirre Rivero de quien dijeron, que \u00e9l fue uno de los m\u00e1s allegados a Cervantes Delgado que por muchos a\u00f1os fue su secretario particular y, posteriormente lo hizo secretario general de gobierno y despu\u00e9s coordinador de fortalecimiento municipal.<\/p>\n\n\n\n<p>En esta presentaci\u00f3n como comentaristas y colaboradores estuvieron; Cesar Juli\u00e1n Bernal, Isais Alan\u00eds y Esteban Valdeolivar.<\/p>\n\n\n\n<p>El libro Alejandro Cervantes Delgado -Congruencia entre discurso y hechos- es una obra coordinada por Antonio Cervantes N\u00fa\u00f1ez de la Fundaci\u00f3n Cervantes Delgado, en esta primera edici\u00f3n de septiembre 2022 se han impreso mil ejemplares, que en actos de presentaci\u00f3n son obsequiados al publico.<\/p>\n","protected":false},"excerpt":{"rendered":"<p>&#8212; Entre los presentadores estuvo el ex gobernador H\u00e9ctor Astudillo Flores Eduardo Yener Santos El libro \u201cAlejandro Cervantes Delgado; Congruencia entre discurso y hechos\u201d reuni\u00f3 a parte de la clase&hellip; <\/p>\n","protected":false},"author":31,"featured_media":56442,"comment_status":"open","ping_status":"open","sticky":false,"template":"","format":"standard","meta":{"fifu_image_url":"","fifu_image_alt":"","footnotes":""},"categories":[21],"tags":[],"class_list":["post-56441","post","type-post","status-publish","format-standard","has-post-thumbnail","hentry","category-politica"],"_links":{"self":[{"href":"https:\/\/www.interaccionnoticias.com.mx\/index.php?rest_route=\/wp\/v2\/posts\/56441","targetHints":{"allow":["GET"]}}],"collection":[{"href":"https:\/\/www.interaccionnoticias.com.mx\/index.php?rest_route=\/wp\/v2\/posts"}],"about":[{"href":"https:\/\/www.interaccionnoticias.com.mx\/index.php?rest_route=\/wp\/v2\/types\/post"}],"author":[{"embeddable":true,"href":"https:\/\/www.interaccionnoticias.com.mx\/index.php?rest_route=\/wp\/v2\/users\/31"}],"replies":[{"embeddable":true,"href":"https:\/\/www.interaccionnoticias.com.mx\/index.php?rest_route=%2Fwp%2Fv2%2Fcomments&post=56441"}],"version-history":[{"count":1,"href":"https:\/\/www.interaccionnoticias.com.mx\/index.php?rest_route=\/wp\/v2\/posts\/56441\/revisions"}],"predecessor-version":[{"id":56443,"href":"https:\/\/www.interaccionnoticias.com.mx\/index.php?rest_route=\/wp\/v2\/posts\/56441\/revisions\/56443"}],"wp:featuredmedia":[{"embeddable":true,"href":"https:\/\/www.interaccionnoticias.com.mx\/index.php?rest_route=\/wp\/v2\/media\/56442"}],"wp:attachment":[{"href":"https:\/\/www.interaccionnoticias.com.mx\/index.php?rest_route=%2Fwp%2Fv2%2Fmedia&parent=56441"}],"wp:term":[{"taxonomy":"category","embeddable":true,"href":"https:\/\/www.interaccionnoticias.com.mx\/index.php?rest_route=%2Fwp%2Fv2%2Fcategories&post=56441"},{"taxonomy":"post_tag","embeddable":true,"href":"https:\/\/www.interaccionnoticias.com.mx\/index.php?rest_route=%2Fwp%2Fv2%2Ftags&post=56441"}],"curies":[{"name":"wp","href":"https:\/\/api.w.org\/{rel}","templated":true}]}}