{"id":56437,"date":"2023-01-24T20:15:14","date_gmt":"2023-01-25T02:15:14","guid":{"rendered":"https:\/\/interaccionnoticias.com.mx\/?p=56437"},"modified":"2023-01-24T20:15:19","modified_gmt":"2023-01-25T02:15:19","slug":"descarta-alejandro-bravo-riesgo-de-division-al-seno-del-pri-guerrero","status":"publish","type":"post","link":"https:\/\/www.interaccionnoticias.com.mx\/?p=56437","title":{"rendered":"Descarta Alejandro Bravo riesgo de divisi\u00f3n al seno del PRI-Guerrero"},"content":{"rendered":"\n<p><strong><em>&#8212; A partir del diferendo de consejeros nacionales con el presidente del CEN, Alajendro Moreno C\u00e1rdenas<\/em><\/strong><\/p>\n\n\n\n<p><strong>Eduardo Yener Santos<\/strong><\/p>\n\n\n\n<p><strong>Chilpancingo, Gro., 24 de enero de 2022.- <\/strong>El presidente del Comit\u00e9 Directivo Estatal de Guerrero del Partido Revolucionario Institucional (PRI), Alejandro Bravo Abarca neg\u00f3 que al interior de su partido exista distanciamiento o divisionismo por las posturas que han emitido algunos pol\u00edticos, como el caso del ex gobernador H\u00e9ctor Astudillo quien no apoya la ampliaci\u00f3n de permanencia de Alejandro Moreno C\u00e1rdenas en el PRI nacional.<\/p>\n\n\n\n<p>En breves declaraciones este martes, tras la presentaci\u00f3n del libro \u201cAlejandro Cervantes Delgado, Congruencia entre discurso y hechos\u201d, el dirigente del PRI en Guerrero, dijo que en el estado no existe divisionismo y que el PRI siempre ha encontrado mayores coincidencias que diferencias<\/p>\n\n\n\n<p>Asegur\u00f3 que en su partido es una instituci\u00f3n de libre pensamiento, y el contexto actual lo calific\u00f3 como algo que no es muy com\u00fan en el PRI, pero hist\u00f3ricamente siempre han existido opiniones y han encontrado las coincidencias<\/p>\n\n\n\n<p>Sostuvo que la impugnaci\u00f3n que ha hecho el ex gobernador, H\u00e9ctor Astudillo para frenar la ampliaci\u00f3n del periodo del dirigente nacional del PRI, es un acto \u201clegal pero ser\u00e1n otras instancias que resuelvan el caso\u201d<\/p>\n","protected":false},"excerpt":{"rendered":"<p>&#8212; A partir del diferendo de consejeros nacionales con el presidente del CEN, Alajendro Moreno C\u00e1rdenas Eduardo Yener Santos Chilpancingo, Gro., 24 de enero de 2022.- El presidente del Comit\u00e9&hellip; <\/p>\n","protected":false},"author":31,"featured_media":56439,"comment_status":"open","ping_status":"open","sticky":false,"template":"","format":"standard","meta":{"fifu_image_url":"","fifu_image_alt":"","footnotes":""},"categories":[21],"tags":[],"class_list":["post-56437","post","type-post","status-publish","format-standard","has-post-thumbnail","hentry","category-politica"],"_links":{"self":[{"href":"https:\/\/www.interaccionnoticias.com.mx\/index.php?rest_route=\/wp\/v2\/posts\/56437","targetHints":{"allow":["GET"]}}],"collection":[{"href":"https:\/\/www.interaccionnoticias.com.mx\/index.php?rest_route=\/wp\/v2\/posts"}],"about":[{"href":"https:\/\/www.interaccionnoticias.com.mx\/index.php?rest_route=\/wp\/v2\/types\/post"}],"author":[{"embeddable":true,"href":"https:\/\/www.interaccionnoticias.com.mx\/index.php?rest_route=\/wp\/v2\/users\/31"}],"replies":[{"embeddable":true,"href":"https:\/\/www.interaccionnoticias.com.mx\/index.php?rest_route=%2Fwp%2Fv2%2Fcomments&post=56437"}],"version-history":[{"count":1,"href":"https:\/\/www.interaccionnoticias.com.mx\/index.php?rest_route=\/wp\/v2\/posts\/56437\/revisions"}],"predecessor-version":[{"id":56440,"href":"https:\/\/www.interaccionnoticias.com.mx\/index.php?rest_route=\/wp\/v2\/posts\/56437\/revisions\/56440"}],"wp:featuredmedia":[{"embeddable":true,"href":"https:\/\/www.interaccionnoticias.com.mx\/index.php?rest_route=\/wp\/v2\/media\/56439"}],"wp:attachment":[{"href":"https:\/\/www.interaccionnoticias.com.mx\/index.php?rest_route=%2Fwp%2Fv2%2Fmedia&parent=56437"}],"wp:term":[{"taxonomy":"category","embeddable":true,"href":"https:\/\/www.interaccionnoticias.com.mx\/index.php?rest_route=%2Fwp%2Fv2%2Fcategories&post=56437"},{"taxonomy":"post_tag","embeddable":true,"href":"https:\/\/www.interaccionnoticias.com.mx\/index.php?rest_route=%2Fwp%2Fv2%2Ftags&post=56437"}],"curies":[{"name":"wp","href":"https:\/\/api.w.org\/{rel}","templated":true}]}}