{"id":56431,"date":"2023-01-24T20:00:30","date_gmt":"2023-01-25T02:00:30","guid":{"rendered":"https:\/\/interaccionnoticias.com.mx\/?p=56431"},"modified":"2023-01-24T20:00:34","modified_gmt":"2023-01-25T02:00:34","slug":"el-refuerzo-de-seguridad-en-juan-r-escudero-permitio-reducir-la-actividad-de-las-policias-comunitarias","status":"publish","type":"post","link":"https:\/\/www.interaccionnoticias.com.mx\/?p=56431","title":{"rendered":"El refuerzo de seguridad en Juan R, Escudero permiti\u00f3 reducir la actividad de las polic\u00edas comunitarias"},"content":{"rendered":"\n<p><strong><em>&#8212; La alcaldesa Diana Costilla Villanueva dijo que la Fiscal\u00eda avanza de manera positiva en la investigaci\u00f3n de su atentado<\/em><\/strong><\/p>\n\n\n\n<p><strong>Rosario Garc\u00eda Orozco<\/strong><\/p>\n\n\n\n<p><strong>Chilpancingo, Gro., 24 de enero del 2023.-<\/strong> En Juan R Escudero se redujo la actividad de los grupos de polic\u00edas comunitarios desde que se reforz\u00f3 la seguridad con elementos de la Guardia Nacional, la Secretar\u00eda de la Defensa Nacional y la Polic\u00eda del Estado, tras el atentado que sufri\u00f3, inform\u00f3 la presidenta municipal, Diana Costilla Villanueva.<\/p>\n\n\n\n<p>Mencion\u00f3 que las colonias y comunidades de ese municipio de la Regi\u00f3n Centro de Guerrero, cuentan con refuerzo en materia de seguridad por parte de instancias estatales y federales para brindar atenci\u00f3n a la ciudadan\u00eda, \u00abpor lo que estamos trabajando de manera institucional\u00bb, y agreg\u00f3 que \u00abdesde hace muchos a\u00f1os se dejaron crecer estos movimientos en Tierra Colorada desde 2013, primero la Upoeg (Uni\u00f3n de Pueblos y Comunidades del Estado de Guerrero), despu\u00e9s el FUSDEG (Frente Unido por la Seguridad y el Desarrollo del Estado de Guerrero). En las comunidades hay algunos que todav\u00eda tienen sus grupos comunitarios, pero en la cabecera municipal fueron disminuyendo, sin embargo, mi tema es institucional, el trabajo que estoy realizando es a trav\u00e9s del Ej\u00e9rcito Mexicano, la Guardia Nacional, la Polic\u00eda del Estado.<\/p>\n\n\n\n<p>Agreg\u00f3 que en las comunidades se realizan recorridos en coordinaci\u00f3n con los refuerzos estatales y federales, \u00ables ayudo para que puedan tener seguridad en sus pueblos, y en donde tienen grupos civiles, se quedan en sus comunidades, no andan en otros lugares m\u00e1s que en su propios pueblos como polic\u00eda rural y realmente se ha mantenido la seguridad en las comunidades\u00bb.<\/p>\n\n\n\n<p>Explic\u00f3 que en Tierra Colorada, la cabecera municipal, es m\u00e1s evidente el refuerzo de seguridad, sobre todo despu\u00e9s del atentado que sufri\u00f3 en un camino vecinal el pasado mes de diciembre, \u00abha sido un tema muy particular que se ha estado trabajando de manera institucional, yo he hecho lo propio, despu\u00e9s del atentado en mi contra hice la denuncia correspondiente tanto en la Fiscal\u00eda del estado y la Fiscal\u00eda de la Rep\u00fablica, pues son temas preocupantes, no es sencillo decir que a una presidenta la quieran matar, pero con toda seriedad, formalidad y valent\u00eda, alc\u00e9 la voz\u00bb.<\/p>\n\n\n\n<p>Reconoci\u00f3 el respaldo que ha recibido por parte del estado y la Federaci\u00f3n para continuar al frente de la presidencia municipal y que haya seguridad en las comunidades, \u00abyo ped\u00ed la cooperaci\u00f3n del Estado y la Federaci\u00f3n. Hasta ahorita el trabajo en conjunto se ve que est\u00e1 dando buenos resultados. En este momento tenemos muchos elementos del Ej\u00e9rcito Mexicano. Tengo la confianza de que se van a arreglar la cosas en Tierra Colorada. Yo sigo trabajando, sigo haciendo la gesti\u00f3n, sigo haciendo mi trabajo de presidenta municipal y lo que m\u00e1s quiero es que a Tierra Colorada le vaya bien\u00bb.<\/p>\n\n\n\n<p>Reconoci\u00f3 que son pocos los elementos de la Polic\u00eda Preventiva con que cuenta el municipio apenas 27 de los 32 polic\u00edas municipales que hab\u00eda antes de su atentado.<\/p>\n\n\n\n<p>Sobre la inversi\u00f3n para seguridad p\u00fablica, mencion\u00f3 que est\u00e1n en espera de saber cu\u00e1nto les va a aprobar la Federaci\u00f3n para el FORTAMUN, \u00abtodav\u00eda no est\u00e1 publicado. Lo que s\u00ed est\u00e1 publicado es el presupuesto para el ramo 33, afortunadamente se increment\u00f3 a m\u00e1s de 12 millones de pesos\u00bb.<\/p>\n\n\n\n<p>-Avanza de manera positiva la investigaci\u00f3n sobre el atentado de diciembre pasado<\/p>\n\n\n\n<p>La alcaldesa Costilla Villanueva inform\u00f3 que tras el atentado, la gobernadora Evelyn Salgado Pineda le asign\u00f3 una unidad de la Polic\u00eda Estatal, como parte de las medidas cautelares, y la dotaron de una camioneta blindada como refuerzo de su seguridad personal.<\/p>\n\n\n\n<p>Sobre las investigaciones que se siguen por el intento de quitarle la vida, la edil dijo que hay avances, pero que se cuida de no informar nada al respecto para no entorpecer las investigaciones, \u00abvoy a tener una reuni\u00f3n la pr\u00f3xima semana, nuevamente con personal de la Fiscal\u00eda General del Estado para ver c\u00f3mo vamos. Son temas que no se puede platicar, pero hay buenos avances y ya se ver\u00e1 en su momento quienes fueron los responsables\u00bb.<\/p>\n","protected":false},"excerpt":{"rendered":"<p>&#8212; La alcaldesa Diana Costilla Villanueva dijo que la Fiscal\u00eda avanza de manera positiva en la investigaci\u00f3n de su atentado Rosario Garc\u00eda Orozco Chilpancingo, Gro., 24 de enero del 2023.-&hellip; <\/p>\n","protected":false},"author":14,"featured_media":56432,"comment_status":"open","ping_status":"open","sticky":false,"template":"","format":"standard","meta":{"fifu_image_url":"","fifu_image_alt":"","footnotes":""},"categories":[23],"tags":[],"class_list":["post-56431","post","type-post","status-publish","format-standard","has-post-thumbnail","hentry","category-regionales"],"_links":{"self":[{"href":"https:\/\/www.interaccionnoticias.com.mx\/index.php?rest_route=\/wp\/v2\/posts\/56431","targetHints":{"allow":["GET"]}}],"collection":[{"href":"https:\/\/www.interaccionnoticias.com.mx\/index.php?rest_route=\/wp\/v2\/posts"}],"about":[{"href":"https:\/\/www.interaccionnoticias.com.mx\/index.php?rest_route=\/wp\/v2\/types\/post"}],"author":[{"embeddable":true,"href":"https:\/\/www.interaccionnoticias.com.mx\/index.php?rest_route=\/wp\/v2\/users\/14"}],"replies":[{"embeddable":true,"href":"https:\/\/www.interaccionnoticias.com.mx\/index.php?rest_route=%2Fwp%2Fv2%2Fcomments&post=56431"}],"version-history":[{"count":1,"href":"https:\/\/www.interaccionnoticias.com.mx\/index.php?rest_route=\/wp\/v2\/posts\/56431\/revisions"}],"predecessor-version":[{"id":56433,"href":"https:\/\/www.interaccionnoticias.com.mx\/index.php?rest_route=\/wp\/v2\/posts\/56431\/revisions\/56433"}],"wp:featuredmedia":[{"embeddable":true,"href":"https:\/\/www.interaccionnoticias.com.mx\/index.php?rest_route=\/wp\/v2\/media\/56432"}],"wp:attachment":[{"href":"https:\/\/www.interaccionnoticias.com.mx\/index.php?rest_route=%2Fwp%2Fv2%2Fmedia&parent=56431"}],"wp:term":[{"taxonomy":"category","embeddable":true,"href":"https:\/\/www.interaccionnoticias.com.mx\/index.php?rest_route=%2Fwp%2Fv2%2Fcategories&post=56431"},{"taxonomy":"post_tag","embeddable":true,"href":"https:\/\/www.interaccionnoticias.com.mx\/index.php?rest_route=%2Fwp%2Fv2%2Ftags&post=56431"}],"curies":[{"name":"wp","href":"https:\/\/api.w.org\/{rel}","templated":true}]}}