{"id":56428,"date":"2023-01-24T19:53:19","date_gmt":"2023-01-25T01:53:19","guid":{"rendered":"https:\/\/interaccionnoticias.com.mx\/?p=56428"},"modified":"2023-01-24T19:53:24","modified_gmt":"2023-01-25T01:53:24","slug":"asesinan-a-dos-hombres-en-acapulco-6","status":"publish","type":"post","link":"https:\/\/www.interaccionnoticias.com.mx\/?p=56428","title":{"rendered":"Asesinan a dos hombres en Acapulco"},"content":{"rendered":"\n<p><strong><em>&#8212; Suman m\u00e1s de 50 personas ejecutadas en Acapulco<\/em><\/strong><\/p>\n\n\n\n<p><strong>Javier Trujillo<\/strong><\/p>\n\n\n\n<p><strong>Acapulco, Gro.- <\/strong>Dos hombres fueron privados de la vida a balazos, y sus cuerpos arrojados a la v\u00eda p\u00fablica, en dos colonias del puerto de Acapulco.<\/p>\n\n\n\n<p>Con los hechos de violencia ya suman m\u00e1s de 50 personas que han sido privadas de la vida en lo que va del mes de enero del 2023.<\/p>\n\n\n\n<p>Los hechos se reportaron en la zona poniente del puerto entre las colonias Jard\u00edn Palmas y Mangos, a un costado de la v\u00eda federal Acapulco-Zihuatanejo, y otro m\u00e1s en La Providencia en este destino tur\u00edstico.<\/p>\n\n\n\n<p>Durante la madrugada, en la avenida de El Tanque la v\u00edctima fue atacada a balazos con arma de grueso calibre, y el cad\u00e1ver qued\u00f3 tirado en la v\u00eda p\u00fablica.<\/p>\n\n\n\n<p>La v\u00edctima presentaba disparos en distintas partes del cuerpo, y una herida con arma punzo cortante en el t\u00f3rax, as\u00ed como en el cuello.<\/p>\n\n\n\n<p>El cad\u00e1ver qued\u00f3 a un costado de un veh\u00edculo de la marca Toyota, tipo Yaris, negro con placas de circulaci\u00f3n del estado de Guerrero HAM-873-B d\u00f3nde se aprecian manchas de l\u00edquido hem\u00e1tico.<\/p>\n\n\n\n<p>Por la ma\u00f1ana, al poniente del puerto de Acapulco, un hombre fue arrojado a un costado de la carretera federal, muy cerca de la colonia Jard\u00edn Mangos.<\/p>\n\n\n\n<p>El cad\u00e1ver presentaba impactos de arma de grueso calibre, y fue levantado tras las diligencias.<\/p>\n\n\n\n<p>En ambos casos el \u00e1rea fue acordonada por autoridades ministeriales y de seguridad p\u00fablica.<\/p>\n\n\n\n<p>Las v\u00edctimas fueron levantadas por personal del Servicio M\u00e9dico Forense (SEMEFO), en calidad de desconocidos y trasladados a la morgue en la zona de El Quemado.<\/p>\n","protected":false},"excerpt":{"rendered":"<p>&#8212; Suman m\u00e1s de 50 personas ejecutadas en Acapulco Javier Trujillo Acapulco, Gro.- Dos hombres fueron privados de la vida a balazos, y sus cuerpos arrojados a la v\u00eda p\u00fablica,&hellip; <\/p>\n","protected":false},"author":3,"featured_media":56429,"comment_status":"open","ping_status":"open","sticky":false,"template":"","format":"standard","meta":{"fifu_image_url":"","fifu_image_alt":"","footnotes":""},"categories":[27],"tags":[],"class_list":["post-56428","post","type-post","status-publish","format-standard","has-post-thumbnail","hentry","category-seguridad-publica"],"_links":{"self":[{"href":"https:\/\/www.interaccionnoticias.com.mx\/index.php?rest_route=\/wp\/v2\/posts\/56428","targetHints":{"allow":["GET"]}}],"collection":[{"href":"https:\/\/www.interaccionnoticias.com.mx\/index.php?rest_route=\/wp\/v2\/posts"}],"about":[{"href":"https:\/\/www.interaccionnoticias.com.mx\/index.php?rest_route=\/wp\/v2\/types\/post"}],"author":[{"embeddable":true,"href":"https:\/\/www.interaccionnoticias.com.mx\/index.php?rest_route=\/wp\/v2\/users\/3"}],"replies":[{"embeddable":true,"href":"https:\/\/www.interaccionnoticias.com.mx\/index.php?rest_route=%2Fwp%2Fv2%2Fcomments&post=56428"}],"version-history":[{"count":1,"href":"https:\/\/www.interaccionnoticias.com.mx\/index.php?rest_route=\/wp\/v2\/posts\/56428\/revisions"}],"predecessor-version":[{"id":56430,"href":"https:\/\/www.interaccionnoticias.com.mx\/index.php?rest_route=\/wp\/v2\/posts\/56428\/revisions\/56430"}],"wp:featuredmedia":[{"embeddable":true,"href":"https:\/\/www.interaccionnoticias.com.mx\/index.php?rest_route=\/wp\/v2\/media\/56429"}],"wp:attachment":[{"href":"https:\/\/www.interaccionnoticias.com.mx\/index.php?rest_route=%2Fwp%2Fv2%2Fmedia&parent=56428"}],"wp:term":[{"taxonomy":"category","embeddable":true,"href":"https:\/\/www.interaccionnoticias.com.mx\/index.php?rest_route=%2Fwp%2Fv2%2Fcategories&post=56428"},{"taxonomy":"post_tag","embeddable":true,"href":"https:\/\/www.interaccionnoticias.com.mx\/index.php?rest_route=%2Fwp%2Fv2%2Ftags&post=56428"}],"curies":[{"name":"wp","href":"https:\/\/api.w.org\/{rel}","templated":true}]}}