{"id":5633,"date":"2017-06-22T12:07:05","date_gmt":"2017-06-22T17:07:05","guid":{"rendered":"http:\/\/www.inter-accion.com.mx\/?p=5633"},"modified":"2017-06-22T12:07:05","modified_gmt":"2017-06-22T17:07:05","slug":"marchan-estudiantes-de-ayotzinapa-en-solidaridad-con-sus-companeros-de-tirepetio","status":"publish","type":"post","link":"https:\/\/www.interaccionnoticias.com.mx\/?p=5633","title":{"rendered":"Marchan estudiantes de Ayotzinapa, en solidaridad con sus compa\u00f1eros de Tirepetio"},"content":{"rendered":"<p><br \/>\nEstudiantes de la Normal Rural de Ayotzinapa marchan en Chilpancingo para manifestar su solidaridad con sus compa\u00f1eros de Tirepetio Michoac\u00e1n, que el d\u00eda mi\u00e9rcoles fueron agredidos por la Polic\u00eda del Estado, con el saldo de un joven herido de bala.<br \/>\nLa movilizaci\u00f3n comenz\u00f3 alrededor de las 11:00 horas en el monumento de Nicol\u00e1s Bravo, en la parte norte de la capital de Guerrero.<br \/>\nLos estudiantes caminaron sobre las avenidas Insurgentes y Benito Ju\u00e1rez para llegar hasta Ignacio Ram\u00edrez, ah\u00ed dijeron que entrar\u00edan a la plaza central Primer Congreso de An\u00e1huac para realizar un mitin de car\u00e1cter social.<br \/>\nLos normalistas rurales sostienen que los ataques registrados en contra de sus compa\u00f1eros de Tirepet\u00edo Michoac\u00e1n, son consecuencia del proceso de criminalizaci\u00f3n que han enfrentado las normales rurales de todo el pa\u00eds.<\/p>\n","protected":false},"excerpt":{"rendered":"<p>Estudiantes de la Normal Rural de Ayotzinapa marchan en Chilpancingo para manifestar su solidaridad con sus compa\u00f1eros de Tirepetio Michoac\u00e1n, que el d\u00eda mi\u00e9rcoles fueron agredidos por la Polic\u00eda del&hellip; <\/p>\n","protected":false},"author":1,"featured_media":0,"comment_status":"closed","ping_status":"closed","sticky":false,"template":"","format":"standard","meta":{"fifu_image_url":"","fifu_image_alt":"","footnotes":""},"categories":[8,15],"tags":[],"class_list":["post-5633","post","type-post","status-publish","format-standard","hentry","category-featured","category-movimientos-sociales"],"_links":{"self":[{"href":"https:\/\/www.interaccionnoticias.com.mx\/index.php?rest_route=\/wp\/v2\/posts\/5633","targetHints":{"allow":["GET"]}}],"collection":[{"href":"https:\/\/www.interaccionnoticias.com.mx\/index.php?rest_route=\/wp\/v2\/posts"}],"about":[{"href":"https:\/\/www.interaccionnoticias.com.mx\/index.php?rest_route=\/wp\/v2\/types\/post"}],"author":[{"embeddable":true,"href":"https:\/\/www.interaccionnoticias.com.mx\/index.php?rest_route=\/wp\/v2\/users\/1"}],"replies":[{"embeddable":true,"href":"https:\/\/www.interaccionnoticias.com.mx\/index.php?rest_route=%2Fwp%2Fv2%2Fcomments&post=5633"}],"version-history":[{"count":0,"href":"https:\/\/www.interaccionnoticias.com.mx\/index.php?rest_route=\/wp\/v2\/posts\/5633\/revisions"}],"wp:attachment":[{"href":"https:\/\/www.interaccionnoticias.com.mx\/index.php?rest_route=%2Fwp%2Fv2%2Fmedia&parent=5633"}],"wp:term":[{"taxonomy":"category","embeddable":true,"href":"https:\/\/www.interaccionnoticias.com.mx\/index.php?rest_route=%2Fwp%2Fv2%2Fcategories&post=5633"},{"taxonomy":"post_tag","embeddable":true,"href":"https:\/\/www.interaccionnoticias.com.mx\/index.php?rest_route=%2Fwp%2Fv2%2Ftags&post=5633"}],"curies":[{"name":"wp","href":"https:\/\/api.w.org\/{rel}","templated":true}]}}