{"id":5630,"date":"2017-06-22T11:36:20","date_gmt":"2017-06-22T16:36:20","guid":{"rendered":"http:\/\/www.inter-accion.com.mx\/?p=5630"},"modified":"2017-06-22T11:36:20","modified_gmt":"2017-06-22T16:36:20","slug":"declaratoria-de-avg-no-fue-legal-senalan-feministas","status":"publish","type":"post","link":"https:\/\/www.interaccionnoticias.com.mx\/?p=5630","title":{"rendered":"Declaratoria de AVG no fue legal, se\u00f1alan feministas"},"content":{"rendered":"<p><strong>A\u00fan con activaci\u00f3n de AVG, somos invisibles para el gobierno de Astudillo: Feministas<\/strong><br \/>\nChilpancingo, 22 de junio de 2017.- Representantes de organizaciones feministas, se\u00f1alaron que la declaratoria de Alerta de Violencia de G\u00e9nero (AVG) que emiti\u00f3 el gobernador H\u00e9ctor Astudillo Flores, no fue legal.<br \/>\nLa solicitante de la AVG, Marina Reyna Aguilar asegur\u00f3 que el titular del ejecutivo local ya ten\u00eda conocimiento de que el mecanismo ser\u00eda decretado este jueves y \u00fanicamente se anticip\u00f3.<br \/>\nEl d\u00eda mi\u00e9rcoles, en un acto protocolario el gobernador H\u00e9ctor Astudillo Flores reconoci\u00f3 en Guerrero la AVG, y present\u00f3 7 acciones emergentes para detener la violencia contra las mujeres.<br \/>\nSin embargo, el decreto que llegar\u00e1 este mi\u00e9rcoles al estado de parte de la CONAVIM, incluye hasta 40 propuestas.<br \/>\n\u00abLa AVG no desaparecer\u00e1 la violencia contra las mujeres, sin embargo visibilizar\u00e1 la problem\u00e1tica y ayudar\u00e1 a reformar leyes con perspectiva de g\u00e9nero y destinar presupuesto para el desarrollo de otras acciones\u00bb, precis\u00f3 Reyna Aguilar.<br \/>\nHace casi un a\u00f1o, la Alianza Feminista solicit\u00f3 a la Comisi\u00f3n Nacional para Prevenir y Erradicar la Violencia contra las Mujeres (CONAVIM), la declaratoria de AVG en 8 municipios de Guerrero, los cuales concentran los \u00edndices m\u00e1s altos en cuanto a agresiones contra mujeres.&nbsp;<br \/>\nLos municipios se\u00f1alados son Acapulco, Chilpancingo, Coyuca de Catal\u00e1n, Tlapa, Ayutla de los Libres, Ometepec y Jos\u00e9 Azueta.<\/p>\n","protected":false},"excerpt":{"rendered":"<p>A\u00fan con activaci\u00f3n de AVG, somos invisibles para el gobierno de Astudillo: Feministas Chilpancingo, 22 de junio de 2017.- Representantes de organizaciones feministas, se\u00f1alaron que la declaratoria de Alerta de&hellip; <\/p>\n","protected":false},"author":1,"featured_media":0,"comment_status":"closed","ping_status":"closed","sticky":false,"template":"","format":"standard","meta":{"fifu_image_url":"","fifu_image_alt":"","footnotes":""},"categories":[8,11],"tags":[],"class_list":["post-5630","post","type-post","status-publish","format-standard","hentry","category-featured","category-guerrero"],"_links":{"self":[{"href":"https:\/\/www.interaccionnoticias.com.mx\/index.php?rest_route=\/wp\/v2\/posts\/5630","targetHints":{"allow":["GET"]}}],"collection":[{"href":"https:\/\/www.interaccionnoticias.com.mx\/index.php?rest_route=\/wp\/v2\/posts"}],"about":[{"href":"https:\/\/www.interaccionnoticias.com.mx\/index.php?rest_route=\/wp\/v2\/types\/post"}],"author":[{"embeddable":true,"href":"https:\/\/www.interaccionnoticias.com.mx\/index.php?rest_route=\/wp\/v2\/users\/1"}],"replies":[{"embeddable":true,"href":"https:\/\/www.interaccionnoticias.com.mx\/index.php?rest_route=%2Fwp%2Fv2%2Fcomments&post=5630"}],"version-history":[{"count":0,"href":"https:\/\/www.interaccionnoticias.com.mx\/index.php?rest_route=\/wp\/v2\/posts\/5630\/revisions"}],"wp:attachment":[{"href":"https:\/\/www.interaccionnoticias.com.mx\/index.php?rest_route=%2Fwp%2Fv2%2Fmedia&parent=5630"}],"wp:term":[{"taxonomy":"category","embeddable":true,"href":"https:\/\/www.interaccionnoticias.com.mx\/index.php?rest_route=%2Fwp%2Fv2%2Fcategories&post=5630"},{"taxonomy":"post_tag","embeddable":true,"href":"https:\/\/www.interaccionnoticias.com.mx\/index.php?rest_route=%2Fwp%2Fv2%2Ftags&post=5630"}],"curies":[{"name":"wp","href":"https:\/\/api.w.org\/{rel}","templated":true}]}}