{"id":5624,"date":"2017-06-21T19:30:21","date_gmt":"2017-06-22T00:30:21","guid":{"rendered":"http:\/\/www.inter-accion.com.mx\/?p=5624"},"modified":"2017-06-21T19:30:21","modified_gmt":"2017-06-22T00:30:21","slug":"yo-no-los-espio-dice-gobernador-de-guerrero-a-periodistas","status":"publish","type":"post","link":"https:\/\/www.interaccionnoticias.com.mx\/?p=5624","title":{"rendered":"\u201cYo no los esp\u00edo\u201d, dice gobernador de Guerrero a periodistas"},"content":{"rendered":"<p>La Secretar\u00eda General niega la desaparici\u00f3n del FAP<br \/>\nEl gobierno local neg\u00f3 que ejerza espionaje contra comunistas y activistas de organizaciones sociales en el estado de Guerrero, tambi\u00e9n rechaz\u00f3 que pretenda desaparecer al Fondo de Apoyo a los Periodistas (FAP), \u00fanico en toda Am\u00e9rica Latina.<br \/>\nLa tarde del mi\u00e9rcoles, el gobernador H\u00e9ctor Astudillo Flores fue cuestionado sobre la presunta compra de equipo de fabricaci\u00f3n Israel\u00ed durante el mandato del ex gobernador Angel Aguirre Rivero, con la intenci\u00f3n de espiar a periodistas, defensores de derechos humanos y activistas de organizaciones sociales.<br \/>\nAdmiti\u00f3 que ha ordenado a sus colaboradores confirmar la existencia de dicho equipo, sin embargo los resultados han sido negativos.<br \/>\n\u201cHemos buscado ese equipo, no lo encontramos, entonces no puedo asegurar que alguien lo compr\u00f3 porque yo no lo encuentro\u201d, respondi\u00f3 a las interrogantes.<br \/>\nLament\u00f3 que se comente en diferentes espacios, que su administraci\u00f3n tenga alg\u00fan inter\u00e9s en realizar ese tipo de monitoreos, que son ilegales.<br \/>\n\u201cYo los respeto mucho, lo que menos hago es andarlos espiando\u201d, dijo a los reporteros que acudieron al evento en que se inform\u00f3 sobre la declaratoria de Alerta por Violencia de G\u00e9nero en ocho municipios de la entidad.<br \/>\nYa hab\u00eda terminado la entrevista y se dispon\u00eda a subir a su oficina, cuando dio un giro, se volvi\u00f3 hacia los reporteros y reiter\u00f3: \u201cYo no los esp\u00edo, que quede claro\u201d.<br \/>\nEl FAP no desaparece<br \/>\nLa misma tarde del mi\u00e9rcoles, representantes de la Secretar\u00eda General de Gobierno difundieron un comunicado en el que precisaron que en la modificaci\u00f3n a la Ley de Protecci\u00f3n a los Periodistas y Defensores de Derechos Humanos, que est\u00e1 por discutirse en el Congreso, el Fondo de Apoyo a los Periodistas, \u00fanico en el pa\u00eds no desaparece, como se denunci\u00f3 la jornada del martes.<br \/>\n\u201cLa Iniciativa de Ley de Protecci\u00f3n a los Derechos Humanos y Periodistas establece un Fondo Estatal para la Protecci\u00f3n de los mismos\u201d, refiere un comunicado emitido por la Secretar\u00eda General.<br \/>\n\u201cNo abroga la Ley para el Bienestar Integral de los Periodistas, ni el Reglamento para la Operaci\u00f3n del Fondo de Apoyo a los Periodistas\u201d, indica.<br \/>\nLa precisi\u00f3n concluye: \u201cHabr\u00e1 dos fondos; uno destinado para el bienestar social exclusivamente de los periodistas, operado por SEDESOL y el otro, que ser\u00e1 de protecci\u00f3n a defensores de derechos humanos y periodistas\u201d.<br \/>\nEste jueves, grupos de comunicadores se reunir\u00e1n con la Junta de Coordinaci\u00f3n Pol\u00edtica del Congreso local para discutir el contenido de la reforma.<br \/>\n&nbsp;&nbsp;&nbsp;&nbsp;<\/p>\n","protected":false},"excerpt":{"rendered":"<p>La Secretar\u00eda General niega la desaparici\u00f3n del FAP El gobierno local neg\u00f3 que ejerza espionaje contra comunistas y activistas de organizaciones sociales en el estado de Guerrero, tambi\u00e9n rechaz\u00f3 que&hellip; <\/p>\n","protected":false},"author":1,"featured_media":0,"comment_status":"closed","ping_status":"closed","sticky":false,"template":"","format":"standard","meta":{"fifu_image_url":"","fifu_image_alt":"","footnotes":""},"categories":[8,11],"tags":[],"class_list":["post-5624","post","type-post","status-publish","format-standard","hentry","category-featured","category-guerrero"],"_links":{"self":[{"href":"https:\/\/www.interaccionnoticias.com.mx\/index.php?rest_route=\/wp\/v2\/posts\/5624","targetHints":{"allow":["GET"]}}],"collection":[{"href":"https:\/\/www.interaccionnoticias.com.mx\/index.php?rest_route=\/wp\/v2\/posts"}],"about":[{"href":"https:\/\/www.interaccionnoticias.com.mx\/index.php?rest_route=\/wp\/v2\/types\/post"}],"author":[{"embeddable":true,"href":"https:\/\/www.interaccionnoticias.com.mx\/index.php?rest_route=\/wp\/v2\/users\/1"}],"replies":[{"embeddable":true,"href":"https:\/\/www.interaccionnoticias.com.mx\/index.php?rest_route=%2Fwp%2Fv2%2Fcomments&post=5624"}],"version-history":[{"count":0,"href":"https:\/\/www.interaccionnoticias.com.mx\/index.php?rest_route=\/wp\/v2\/posts\/5624\/revisions"}],"wp:attachment":[{"href":"https:\/\/www.interaccionnoticias.com.mx\/index.php?rest_route=%2Fwp%2Fv2%2Fmedia&parent=5624"}],"wp:term":[{"taxonomy":"category","embeddable":true,"href":"https:\/\/www.interaccionnoticias.com.mx\/index.php?rest_route=%2Fwp%2Fv2%2Fcategories&post=5624"},{"taxonomy":"post_tag","embeddable":true,"href":"https:\/\/www.interaccionnoticias.com.mx\/index.php?rest_route=%2Fwp%2Fv2%2Ftags&post=5624"}],"curies":[{"name":"wp","href":"https:\/\/api.w.org\/{rel}","templated":true}]}}