{"id":5620,"date":"2017-06-21T18:42:10","date_gmt":"2017-06-21T23:42:10","guid":{"rendered":"http:\/\/www.inter-accion.com.mx\/?p=5620"},"modified":"2017-06-21T18:42:10","modified_gmt":"2017-06-21T23:42:10","slug":"toman-la-protesta-a-manuel-saavedra-ramos-como","status":"publish","type":"post","link":"https:\/\/www.interaccionnoticias.com.mx\/?p=5620","title":{"rendered":"Toman la protesta a Manuel Saavedra Ramos como"},"content":{"rendered":"<div class=\"m_1661819749209676886PlainText\">\n<strong>Representantes del PRI Guerrero en el IEPC<\/strong><br \/>\n<strong>Comunicados PRI.<\/strong>\n<\/div>\n<div class=\"m_1661819749209676886PlainText\">&nbsp;&nbsp;El licenciado Manuel Saavedra Ch\u00e1vez tomo protesta como representante<br \/>\ndel PRI Guerrero ante el Instituto Electoral y de Participaci\u00f3n<br \/>\nCiudadana en la entidad, sustituyendo al licenciado C\u00e9sar Juli\u00e1n Bernal<br \/>\nque se ven\u00eda desempe\u00f1ando en ese cargo.<br \/>\nEl presidente del PRI Guerrero, Heriberto Huicochea V\u00e1zquez, inform\u00f3 que<br \/>\ncomo lo hab\u00eda anunciado habr\u00e1 cambios en la dirigencia del Comit\u00e9<br \/>\nPol\u00edtico Estatal con la finalidad de renovar y seguir en la etapa de<br \/>\ntransformaci\u00f3n del partido tricolor en la entidad.<br \/>\nSaavedra Ramos ya hab\u00eda ocupado este cargo anteriormente, por lo que<br \/>\ncuenta con la experiencia profesional y probada para cumplir con la<br \/>\nresponsabilidad de representar al PRI Guerrero ente el IEPC.<\/div>\n","protected":false},"excerpt":{"rendered":"<p>Representantes del PRI Guerrero en el IEPC Comunicados PRI. &nbsp;&nbsp;El licenciado Manuel Saavedra Ch\u00e1vez tomo protesta como representante del PRI Guerrero ante el Instituto Electoral y de Participaci\u00f3n Ciudadana en&hellip; <\/p>\n","protected":false},"author":1,"featured_media":0,"comment_status":"closed","ping_status":"closed","sticky":false,"template":"","format":"standard","meta":{"fifu_image_url":"","fifu_image_alt":"","footnotes":""},"categories":[8,18],"tags":[],"class_list":["post-5620","post","type-post","status-publish","format-standard","hentry","category-featured","category-partidos-politicos"],"_links":{"self":[{"href":"https:\/\/www.interaccionnoticias.com.mx\/index.php?rest_route=\/wp\/v2\/posts\/5620","targetHints":{"allow":["GET"]}}],"collection":[{"href":"https:\/\/www.interaccionnoticias.com.mx\/index.php?rest_route=\/wp\/v2\/posts"}],"about":[{"href":"https:\/\/www.interaccionnoticias.com.mx\/index.php?rest_route=\/wp\/v2\/types\/post"}],"author":[{"embeddable":true,"href":"https:\/\/www.interaccionnoticias.com.mx\/index.php?rest_route=\/wp\/v2\/users\/1"}],"replies":[{"embeddable":true,"href":"https:\/\/www.interaccionnoticias.com.mx\/index.php?rest_route=%2Fwp%2Fv2%2Fcomments&post=5620"}],"version-history":[{"count":0,"href":"https:\/\/www.interaccionnoticias.com.mx\/index.php?rest_route=\/wp\/v2\/posts\/5620\/revisions"}],"wp:attachment":[{"href":"https:\/\/www.interaccionnoticias.com.mx\/index.php?rest_route=%2Fwp%2Fv2%2Fmedia&parent=5620"}],"wp:term":[{"taxonomy":"category","embeddable":true,"href":"https:\/\/www.interaccionnoticias.com.mx\/index.php?rest_route=%2Fwp%2Fv2%2Fcategories&post=5620"},{"taxonomy":"post_tag","embeddable":true,"href":"https:\/\/www.interaccionnoticias.com.mx\/index.php?rest_route=%2Fwp%2Fv2%2Ftags&post=5620"}],"curies":[{"name":"wp","href":"https:\/\/api.w.org\/{rel}","templated":true}]}}