{"id":5614,"date":"2017-06-21T18:27:40","date_gmt":"2017-06-21T23:27:40","guid":{"rendered":"http:\/\/www.inter-accion.com.mx\/?p=5614"},"modified":"2017-06-21T18:27:40","modified_gmt":"2017-06-21T23:27:40","slug":"necesario-legislar-correctamente-sobre-la-atencion-a-desplazados","status":"publish","type":"post","link":"https:\/\/www.interaccionnoticias.com.mx\/?p=5614","title":{"rendered":"Necesario legislar correctamente sobre la atenci\u00f3n a desplazados"},"content":{"rendered":"<p>El presidente de la Comisi\u00f3n de Seguridad Publica del Congreso local, Ricardo Mej\u00eda Berdeja consider\u00f3 urgente legislar sobre la atenci\u00f3n a las familias que deben desplazarse en las siete regiones, principalmente por problemas de inseguridad.<br \/>\nMej\u00eda Berdeja coment\u00f3 que en el nivel local existe una legislaci\u00f3n encaminada a revisar la situaci\u00f3n que prevalece en el tema del desplazamiento forzoso, pero consider\u00f3 importante revisarla porque hasta el momento, el contenido de la ley actual no ha representado ning\u00fan beneficio para quienes enfrentan dicho problema.<br \/>\nRecord\u00f3 que familias desplazadas existen en la Sierra, Tierra Caliente, en la Monta\u00f1a y parte de la regi\u00f3n Centro de la entidad, lo que constituye un tema muy serio de contingencia humanitaria.<br \/>\nPor esa raz\u00f3n, destac\u00f3 que en toda la agenda de derechos humanos existen varios puntos que se deben revisar, uno de ellos es el del desplazamiento de comunidades completas, principalmente a partir de las acciones que de manera recurrente implementan los grupos del crimen organizado. &nbsp;&nbsp;<br \/>\nSi bien los primeros casos se dieron a conocer como consecuencia de la lucha de campesinos ecologistas en contra de la depredaci\u00f3n de los recursos forestales en la sierra de Petatl\u00e1n, el problema despu\u00e9s se focaliz\u00f3 &nbsp;en el \u00e1mbito de la operaci\u00f3n del crimen organizado.<\/p>\n","protected":false},"excerpt":{"rendered":"<p>El presidente de la Comisi\u00f3n de Seguridad Publica del Congreso local, Ricardo Mej\u00eda Berdeja consider\u00f3 urgente legislar sobre la atenci\u00f3n a las familias que deben desplazarse en las siete regiones,&hellip; <\/p>\n","protected":false},"author":1,"featured_media":0,"comment_status":"closed","ping_status":"closed","sticky":false,"template":"","format":"standard","meta":{"fifu_image_url":"","fifu_image_alt":"","footnotes":""},"categories":[2,8],"tags":[],"class_list":["post-5614","post","type-post","status-publish","format-standard","hentry","category-congreso","category-featured"],"_links":{"self":[{"href":"https:\/\/www.interaccionnoticias.com.mx\/index.php?rest_route=\/wp\/v2\/posts\/5614","targetHints":{"allow":["GET"]}}],"collection":[{"href":"https:\/\/www.interaccionnoticias.com.mx\/index.php?rest_route=\/wp\/v2\/posts"}],"about":[{"href":"https:\/\/www.interaccionnoticias.com.mx\/index.php?rest_route=\/wp\/v2\/types\/post"}],"author":[{"embeddable":true,"href":"https:\/\/www.interaccionnoticias.com.mx\/index.php?rest_route=\/wp\/v2\/users\/1"}],"replies":[{"embeddable":true,"href":"https:\/\/www.interaccionnoticias.com.mx\/index.php?rest_route=%2Fwp%2Fv2%2Fcomments&post=5614"}],"version-history":[{"count":0,"href":"https:\/\/www.interaccionnoticias.com.mx\/index.php?rest_route=\/wp\/v2\/posts\/5614\/revisions"}],"wp:attachment":[{"href":"https:\/\/www.interaccionnoticias.com.mx\/index.php?rest_route=%2Fwp%2Fv2%2Fmedia&parent=5614"}],"wp:term":[{"taxonomy":"category","embeddable":true,"href":"https:\/\/www.interaccionnoticias.com.mx\/index.php?rest_route=%2Fwp%2Fv2%2Fcategories&post=5614"},{"taxonomy":"post_tag","embeddable":true,"href":"https:\/\/www.interaccionnoticias.com.mx\/index.php?rest_route=%2Fwp%2Fv2%2Ftags&post=5614"}],"curies":[{"name":"wp","href":"https:\/\/api.w.org\/{rel}","templated":true}]}}