{"id":5604,"date":"2017-06-21T17:12:38","date_gmt":"2017-06-21T22:12:38","guid":{"rendered":"http:\/\/www.inter-accion.com.mx\/?p=5604"},"modified":"2017-06-21T17:12:38","modified_gmt":"2017-06-21T22:12:38","slug":"incineran-2-1-toneladas-de-cocaina","status":"publish","type":"post","link":"https:\/\/www.interaccionnoticias.com.mx\/?p=5604","title":{"rendered":"Incineran 2.1 toneladas de coca\u00edna"},"content":{"rendered":"<p><strong>Aseguramientos de la Armada de M\u00e9xico<\/strong><br \/>\nAcapulco, Gro.- M\u00e1s de dos mil 170 kilogramos de coca\u00edna asegurada, fue incinerada en el puerto de Acapulco por personal de la Secretar\u00eda de Marina y de la Procuradur\u00eda General de la Rep\u00fablica.<br \/>\nLo anterior luego del aseguramiento de la droga que corresponde al resultado de distintas operaciones navales realizadas durante el mes de diciembre del a\u00f1o 2016 y del presente a\u00f1o.<br \/>\nLa incineraci\u00f3n se llev\u00f3 a cabo esta ma\u00f1ana de este mi\u00e9rcoles en el \u00e1rea del Relleno Sanitario, localizado en el poblado de Paso Texca, en la zona rural del municipio del puerto de Acapulco, hasta donde llegaron efectivos de la Armada de M\u00e9xico y de la PGR a bordo de diferentes unidades.<br \/>\nLa Semar, a trav\u00e9s de la Octava Regi\u00f3n Naval, inform\u00f3 que elementos adscritos a este Mando Naval y personal de la delegaci\u00f3n de la PGR en Guerrero, realizaron la incineraci\u00f3n de 2 mil 173 kilogramos de coca\u00edna pura.<br \/>\nLa droga, se indica, fue asegurada en aguas jurisdiccionales de la Octava Regi\u00f3n Naval en el oc\u00e9ano Pac\u00edfico por unidades operativas de la Armada de M\u00e9xico.<br \/>\nSe destaca que estas acciones son parte de las operaciones que efect\u00faa la Armada de M\u00e9xico con autoridades federales.<\/p>\n","protected":false},"excerpt":{"rendered":"<p>Aseguramientos de la Armada de M\u00e9xico Acapulco, Gro.- M\u00e1s de dos mil 170 kilogramos de coca\u00edna asegurada, fue incinerada en el puerto de Acapulco por personal de la Secretar\u00eda de&hellip; <\/p>\n","protected":false},"author":1,"featured_media":0,"comment_status":"closed","ping_status":"closed","sticky":false,"template":"","format":"standard","meta":{"fifu_image_url":"","fifu_image_alt":"","footnotes":""},"categories":[8,23],"tags":[],"class_list":["post-5604","post","type-post","status-publish","format-standard","hentry","category-featured","category-regionales"],"_links":{"self":[{"href":"https:\/\/www.interaccionnoticias.com.mx\/index.php?rest_route=\/wp\/v2\/posts\/5604","targetHints":{"allow":["GET"]}}],"collection":[{"href":"https:\/\/www.interaccionnoticias.com.mx\/index.php?rest_route=\/wp\/v2\/posts"}],"about":[{"href":"https:\/\/www.interaccionnoticias.com.mx\/index.php?rest_route=\/wp\/v2\/types\/post"}],"author":[{"embeddable":true,"href":"https:\/\/www.interaccionnoticias.com.mx\/index.php?rest_route=\/wp\/v2\/users\/1"}],"replies":[{"embeddable":true,"href":"https:\/\/www.interaccionnoticias.com.mx\/index.php?rest_route=%2Fwp%2Fv2%2Fcomments&post=5604"}],"version-history":[{"count":0,"href":"https:\/\/www.interaccionnoticias.com.mx\/index.php?rest_route=\/wp\/v2\/posts\/5604\/revisions"}],"wp:attachment":[{"href":"https:\/\/www.interaccionnoticias.com.mx\/index.php?rest_route=%2Fwp%2Fv2%2Fmedia&parent=5604"}],"wp:term":[{"taxonomy":"category","embeddable":true,"href":"https:\/\/www.interaccionnoticias.com.mx\/index.php?rest_route=%2Fwp%2Fv2%2Fcategories&post=5604"},{"taxonomy":"post_tag","embeddable":true,"href":"https:\/\/www.interaccionnoticias.com.mx\/index.php?rest_route=%2Fwp%2Fv2%2Ftags&post=5604"}],"curies":[{"name":"wp","href":"https:\/\/api.w.org\/{rel}","templated":true}]}}