{"id":5588,"date":"2017-06-20T20:57:25","date_gmt":"2017-06-21T01:57:25","guid":{"rendered":"http:\/\/www.inter-accion.com.mx\/?p=5588"},"modified":"2017-06-20T20:57:25","modified_gmt":"2017-06-21T01:57:25","slug":"nombramientos-de-olea-pelaez-y-robles-hurtado-graves-errores-del-ejecutivo","status":"publish","type":"post","link":"https:\/\/www.interaccionnoticias.com.mx\/?p=5588","title":{"rendered":"Nombramientos de Olea Pel\u00e1ez y Robles Hurtado; graves errores del Ejecutivo"},"content":{"rendered":"<p><strong>Sus desempe\u00f1os son muy malos en la FGE y el TSJ<\/strong><br \/>\nEn la tribuna del Congreso local, el diputado&nbsp;Silvano Blanco Deaquino quien consider\u00f3&nbsp;como un grave error por parte el ejecutivo, nombrar a Javier Olea como fiscal y a Robespierre como Presidente del Tribunal Superior de Justicia (TSJ).<br \/>\n&nbsp;<i>\u201c<\/i><i>En su momento mencionamos que este pago de cuotas que hizo el ejecutivo le iba a salir muy caro y bueno la historia efectivamente nos est\u00e1 dando la raz\u00f3n, lo vemos reflejado con el Presidente del Tribunal Superior de Justicia, la forma en c\u00f3mo sale de esta instituci\u00f3n, nunca debi\u00f3 haber sido nombrado magistrado mucho menos presidente del Tribunal, pero por el pago de cuotas del ejecutivo llego, as\u00ed como llego el propio Fiscal General\u201d.<\/i><br \/>\nMenciono al igual que su compa\u00f1ero Ricardo Mej\u00eda que la comparecencia del fiscal el pr\u00f3ximo lunes 26 de Junio ser\u00e1 la despedida, porque la carga que tiene por toda su actuaci\u00f3n es muy fuerte para el ejecutivo estatal, que en su momento lo nombro.<br \/>\nBlanco Deaquino Critico al ejecutivo su irresponsabilidad, por dejar ese tipo de espacio por cuota pol\u00edtica y que los resultados que se tienen en el estado de Guerrero sean fatales \u201cEs grave saber por ejemplo que en la regi\u00f3n Tierra Caliente en San Miguel Totolapan, hayan asesinado a 4 efectivos de la Polic\u00eda Federal y no solo es en esa regi\u00f3n, en todo el estado hay asesinatos con mucha frecuencia, no hay d\u00eda en que no ocurra un asesinato en Guerrero\u201d.<br \/>\n\u201cEs muy lamentable el hecho de que se atribuye la situaci\u00f3n de violencia a los gobiernos anteriores, es decir ah\u00ed que asumir con mucha responsabilidad los errores\u201d dijo el legislador al exponer la situaci\u00f3n que d\u00eda con d\u00eda azota a todas las regiones.<br \/>\nRecalco que es momento de hacer un alto a la inseguridad, hacer algo bien por Guerrero, centrar las bases y exigir un procurador no por cuota sino a alguien que en verdad tenga capacidad y que pudiera abonarle a la situaci\u00f3n dif\u00edcil que se vive nuestro estado de Guerrero.&nbsp;<br \/>\n\u201cNo hay una sola regi\u00f3n que no tenga este problema, aqu\u00ed en la propia capital, no puede ser posible que hace pocos d\u00edas era un sitio de guerra, como los veh\u00edculos andaban de colonia en colonia \u00a1mat\u00e1ndose! y no hab\u00eda ninguna autoridad que pusiera orden y as\u00ed es en todo el estado, y bien todav\u00eda le queda al ejecutivo estatal algo de tiempo, esperemos que reflexione y que haga un esfuerzo, porque al final de cuenta la estad\u00edstica va a pasar a la historia como un gobernador que en su gesti\u00f3n se asesinaron a mayor cantidad de Guerrerenses\u201d finaliz\u00f3 Silvano Blanco.&nbsp;<\/p>\n<div class=\"yj6qo ajU\">\n<div id=\":17p\" class=\"ajR\" tabindex=\"0\" role=\"button\" data-tooltip=\"Mostrar contenido reducido\" aria-label=\"Mostrar contenido reducido\"><img decoding=\"async\" src=\"data:image\/gif;base64,R0lGODlhAQABAIAAAAAAAP\/\/\/ywAAAAAAQABAAACAUwAOw==\" fifu-lazy=\"1\" fifu-data-sizes=\"auto\" fifu-data-srcset=\"https:\/\/i3.wp.com\/ssl.gstatic.com\/ui\/v1\/icons\/mail\/images\/cleardot.gif?ssl=1&w=75&resize=75&ssl=1 75w, https:\/\/i3.wp.com\/ssl.gstatic.com\/ui\/v1\/icons\/mail\/images\/cleardot.gif?ssl=1&w=100&resize=100&ssl=1 100w, https:\/\/i3.wp.com\/ssl.gstatic.com\/ui\/v1\/icons\/mail\/images\/cleardot.gif?ssl=1&w=150&resize=150&ssl=1 150w, https:\/\/i3.wp.com\/ssl.gstatic.com\/ui\/v1\/icons\/mail\/images\/cleardot.gif?ssl=1&w=240&resize=240&ssl=1 240w, https:\/\/i3.wp.com\/ssl.gstatic.com\/ui\/v1\/icons\/mail\/images\/cleardot.gif?ssl=1&w=320&resize=320&ssl=1 320w, https:\/\/i3.wp.com\/ssl.gstatic.com\/ui\/v1\/icons\/mail\/images\/cleardot.gif?ssl=1&w=500&resize=500&ssl=1 500w, https:\/\/i3.wp.com\/ssl.gstatic.com\/ui\/v1\/icons\/mail\/images\/cleardot.gif?ssl=1&w=640&resize=640&ssl=1 640w, https:\/\/i3.wp.com\/ssl.gstatic.com\/ui\/v1\/icons\/mail\/images\/cleardot.gif?ssl=1&w=800&resize=800&ssl=1 800w, https:\/\/i3.wp.com\/ssl.gstatic.com\/ui\/v1\/icons\/mail\/images\/cleardot.gif?ssl=1&w=1024&resize=1024&ssl=1 1024w, https:\/\/i3.wp.com\/ssl.gstatic.com\/ui\/v1\/icons\/mail\/images\/cleardot.gif?ssl=1&w=1280&resize=1280&ssl=1 1280w, https:\/\/i3.wp.com\/ssl.gstatic.com\/ui\/v1\/icons\/mail\/images\/cleardot.gif?ssl=1&w=1600&resize=1600&ssl=1 1600w\" class=\"ajT\" fifu-data-src=\"https:\/\/i3.wp.com\/ssl.gstatic.com\/ui\/v1\/icons\/mail\/images\/cleardot.gif?ssl=1\"><\/div>\n<\/div>\n","protected":false},"excerpt":{"rendered":"<p>Sus desempe\u00f1os son muy malos en la FGE y el TSJ En la tribuna del Congreso local, el diputado&nbsp;Silvano Blanco Deaquino quien consider\u00f3&nbsp;como un grave error por parte el ejecutivo,&hellip; <\/p>\n","protected":false},"author":1,"featured_media":0,"comment_status":"closed","ping_status":"closed","sticky":false,"template":"","format":"standard","meta":{"fifu_image_url":"","fifu_image_alt":"","footnotes":""},"categories":[2,8],"tags":[],"class_list":["post-5588","post","type-post","status-publish","format-standard","hentry","category-congreso","category-featured"],"_links":{"self":[{"href":"https:\/\/www.interaccionnoticias.com.mx\/index.php?rest_route=\/wp\/v2\/posts\/5588","targetHints":{"allow":["GET"]}}],"collection":[{"href":"https:\/\/www.interaccionnoticias.com.mx\/index.php?rest_route=\/wp\/v2\/posts"}],"about":[{"href":"https:\/\/www.interaccionnoticias.com.mx\/index.php?rest_route=\/wp\/v2\/types\/post"}],"author":[{"embeddable":true,"href":"https:\/\/www.interaccionnoticias.com.mx\/index.php?rest_route=\/wp\/v2\/users\/1"}],"replies":[{"embeddable":true,"href":"https:\/\/www.interaccionnoticias.com.mx\/index.php?rest_route=%2Fwp%2Fv2%2Fcomments&post=5588"}],"version-history":[{"count":0,"href":"https:\/\/www.interaccionnoticias.com.mx\/index.php?rest_route=\/wp\/v2\/posts\/5588\/revisions"}],"wp:attachment":[{"href":"https:\/\/www.interaccionnoticias.com.mx\/index.php?rest_route=%2Fwp%2Fv2%2Fmedia&parent=5588"}],"wp:term":[{"taxonomy":"category","embeddable":true,"href":"https:\/\/www.interaccionnoticias.com.mx\/index.php?rest_route=%2Fwp%2Fv2%2Fcategories&post=5588"},{"taxonomy":"post_tag","embeddable":true,"href":"https:\/\/www.interaccionnoticias.com.mx\/index.php?rest_route=%2Fwp%2Fv2%2Ftags&post=5588"}],"curies":[{"name":"wp","href":"https:\/\/api.w.org\/{rel}","templated":true}]}}