{"id":5585,"date":"2017-06-20T20:45:42","date_gmt":"2017-06-21T01:45:42","guid":{"rendered":"http:\/\/www.inter-accion.com.mx\/?p=5585"},"modified":"2017-06-20T20:45:42","modified_gmt":"2017-06-21T01:45:42","slug":"nombran-a-titular-de-la-comision-ejecutiva-estatal-de-atencion-a-victimas-ceeav-en-guerrero","status":"publish","type":"post","link":"https:\/\/www.interaccionnoticias.com.mx\/?p=5585","title":{"rendered":"Nombran a titular de la Comisi\u00f3n Ejecutiva Estatal de Atenci\u00f3n a V\u00edctimas (CEEAV) en Guerrero"},"content":{"rendered":"<p><strong>Lo relacionan pol\u00edticamente con el secretario de Gobierno, Florencio Salazar Adame<\/strong><br \/>\nA petici\u00f3n del Ejecutivo local, el Congreso local design\u00f3 al abogado Luis Camacho Mancilla como responsable de la Comisi\u00f3n Ejecutiva Estatal de Atenci\u00f3n a V\u00edctimas (CEEAV) en el estado de Guerrero.<br \/>\nEn la primera de dos sesiones llevadas a cabo la jornada del martes 20 de junio, Camacho Mancilla tom\u00f3 protesta al cargo ante la presidencia de la Mesa Directiva, luego de la votaci\u00f3n por c\u00e9dula que le dio la mayor\u00eda de votos.<br \/>\nLa propuesta del Ejecutivo local fue ratificada con 37 votos a favor y tres abstenciones de la fracci\u00f3n parlamentaria de Movimiento Ciudadano (MC), quienes argumentaron &nbsp;que, aunque acredita el perfil para ocupar el puesto, Camacho Mancilla no cuenta con experiencia en temas de Derechos Humanos ni atenci\u00f3n a v\u00edctimas.<br \/>\nEl coordinador de la fracci\u00f3n de MC, Ricardo Mej\u00eda Berdeja, &nbsp;justific\u00f3 la abstenci\u00f3n de su bancada se\u00f1alando que, si bien la ley dispone que sea el Gobernador quien por \u00fanica ocasi\u00f3n har\u00e1 la propuesta del titular de la Comisi\u00f3n Ejecutiva Estatal de Atenci\u00f3n a V\u00edctimas, se debi\u00f3 realizar un consenso entre los colectivos que aglutinan a grupos de v\u00edctimas, as\u00ed como propiciar un ciclo de comparecencias para evaluar la capacidad de los aspirantes. &nbsp;<br \/>\nAdem\u00e1s, critic\u00f3 que Luis Camacho Mancilla tiene nexos pol\u00edticos con el secretario general de gobierno, Florencio Salazar Adame, lo que podr\u00eda obstaculizar su labor en la CEEAV.<br \/>\n\u201cTodos sabemos que, aunque formalmente es una propuesta del Gobernador, materialmente es una propuesta del secretario de gobierno, Florencio Salazar Adame, y en ese sentido, nosotros consideramos que cuando haya que defender a las v\u00edctimas, m\u00e1s que estar del lado de las v\u00edctimas, va a estar atendiendo las indicaciones del secretario de gobierno, nos parece que eso ni le ayuda al estado, ni le ayuda a las v\u00edctimas\u201d, se\u00f1al\u00f3.<br \/>\nMej\u00eda Berdeja expuso que debido a las atrocidades que se comenten en Guerrero existen varias agrupaciones de familiares de v\u00edctimas de desaparici\u00f3n forzada y asesinatos, que van desde los padres de los 43 normalistas desaparecidos de Ayotzinapa, hasta los colectivos formados en los municipios de Chilapa, Acapulco, Chilpancingo, e Iguala, quienes debieron ser consultados sobre el nombramiento de la persona que se encargar\u00e1 de atender sus casos.<br \/>\nCit\u00f3 la investigaci\u00f3n de desplazamiento interno por violencia, elaborado por la Comisi\u00f3n Mexicana para la Defensa y Promoci\u00f3n de los Derechos Humanos, la cual establece que Guerrero es el estado n\u00famero uno en cuanto a desplazamiento forzado, es la entidad con mayor n\u00famero de homicidios dolosos, &nbsp;el tercer estado a nivel nacional en feminicidios, y primer lugar en fosas clandestinas y desaparici\u00f3n forzada.<br \/>\n\u201cPor eso es tan relevante este cargo de Comisionado de Atenci\u00f3n a V\u00edctimas en el estado, porque es un tema que est\u00e1 en la agenda p\u00fablica del estado pr\u00e1cticamente todos los d\u00edas. Por eso hubi\u00e9ramos deseado un ejercicio mucho m\u00e1s amplio para definir quien pudiera ocupar esta responsabilidad tan importante\u201d, explic\u00f3.<br \/>\n&nbsp;El pasado 7 de junio, el gobernador H\u00e9ctor Astudillo Flores hizo llegar la propuesta al Congreso del estado para que Luis Camacho Mancilla sea designado titular de la CEEAV, como lo mandata el art\u00edculo s\u00e9ptimo transitorio de la Ley de V\u00edctimas del Estado de Guerrero, y el 15 de junio fue turnada a la Junta de Coordinaci\u00f3n Pol\u00edtica para su an\u00e1lisis, el cual concluy\u00f3 en la sesi\u00f3n de este d\u00eda al presentar el dictamen.<br \/>\nLuis Camacho Mancilla se ha desempe\u00f1ado como Consejero Electoral, Oficial Mayor del Congreso local en la 55, 56 y 57 legislatura, subsecretario de gobierno para Asuntos Jur\u00eddicos, y &nbsp;director general de ordenamiento y regularizaci\u00f3n de la Secretar\u00eda de la Reforma Agraria. Su \u00faltimo cargo fue como Secretario Ejecutivo de la Comisi\u00f3n para la Implementaci\u00f3n de la Reforma en Material de Seguridad y Justicia Penal del estado de Guerrero.<\/p>\n","protected":false},"excerpt":{"rendered":"<p>Lo relacionan pol\u00edticamente con el secretario de Gobierno, Florencio Salazar Adame A petici\u00f3n del Ejecutivo local, el Congreso local design\u00f3 al abogado Luis Camacho Mancilla como responsable de la Comisi\u00f3n&hellip; <\/p>\n","protected":false},"author":1,"featured_media":0,"comment_status":"closed","ping_status":"closed","sticky":false,"template":"","format":"standard","meta":{"fifu_image_url":"","fifu_image_alt":"","footnotes":""},"categories":[2,8],"tags":[],"class_list":["post-5585","post","type-post","status-publish","format-standard","hentry","category-congreso","category-featured"],"_links":{"self":[{"href":"https:\/\/www.interaccionnoticias.com.mx\/index.php?rest_route=\/wp\/v2\/posts\/5585","targetHints":{"allow":["GET"]}}],"collection":[{"href":"https:\/\/www.interaccionnoticias.com.mx\/index.php?rest_route=\/wp\/v2\/posts"}],"about":[{"href":"https:\/\/www.interaccionnoticias.com.mx\/index.php?rest_route=\/wp\/v2\/types\/post"}],"author":[{"embeddable":true,"href":"https:\/\/www.interaccionnoticias.com.mx\/index.php?rest_route=\/wp\/v2\/users\/1"}],"replies":[{"embeddable":true,"href":"https:\/\/www.interaccionnoticias.com.mx\/index.php?rest_route=%2Fwp%2Fv2%2Fcomments&post=5585"}],"version-history":[{"count":0,"href":"https:\/\/www.interaccionnoticias.com.mx\/index.php?rest_route=\/wp\/v2\/posts\/5585\/revisions"}],"wp:attachment":[{"href":"https:\/\/www.interaccionnoticias.com.mx\/index.php?rest_route=%2Fwp%2Fv2%2Fmedia&parent=5585"}],"wp:term":[{"taxonomy":"category","embeddable":true,"href":"https:\/\/www.interaccionnoticias.com.mx\/index.php?rest_route=%2Fwp%2Fv2%2Fcategories&post=5585"},{"taxonomy":"post_tag","embeddable":true,"href":"https:\/\/www.interaccionnoticias.com.mx\/index.php?rest_route=%2Fwp%2Fv2%2Ftags&post=5585"}],"curies":[{"name":"wp","href":"https:\/\/api.w.org\/{rel}","templated":true}]}}