{"id":5579,"date":"2017-06-20T19:55:43","date_gmt":"2017-06-21T00:55:43","guid":{"rendered":"http:\/\/www.inter-accion.com.mx\/?p=5579"},"modified":"2017-06-20T19:55:43","modified_gmt":"2017-06-21T00:55:43","slug":"tocar-a-las-cabezas-de-grupos-delictivos-pide-haf","status":"publish","type":"post","link":"https:\/\/www.interaccionnoticias.com.mx\/?p=5579","title":{"rendered":"Tocar a las cabezas de grupos delictivos, pide HAF"},"content":{"rendered":"<p><strong>Son regiones complicadas, reconoce el gobernador<\/strong><br \/>\n<strong>Acapulco, Gro.-<\/strong> El gobernador de Guerrero, H\u00e9ctor Astudillo Flores se pronunci\u00f3 porque en operativos de seguridad se toquen cabeza que lideran grupos delictivos de la regi\u00f3n de la Tierra Caliente.<br \/>\n\u201cGuerrero quiere estar en paz y ojal\u00e1 que pronto tambi\u00e9n se toque las cabezas que originan toda esta violencia lamentablemente.<br \/>\n\u201cSon regiones complicadas y se han hecho grupos de autodefensa en torno a las cabezas, en las poblaciones identificadas. Ustedes observan en La Gavia, todos se apellidan casi igual que el famoso delincuente (Raybel Jacobo de Almonte, <em>El Tequilero<\/em>) que se ha estado buscando c\u00f3mo detenerlo\u201d, dijo el mandatario estatal.<br \/>\nLo anterior, al ser entrevistado al t\u00e9rmino de la firma de la Segunda Sesi\u00f3n Ordinaria del Comit\u00e9 Rector del Programa Estatal de \u00c9tica, Transparencia y Combate a la Corrupci\u00f3n, realizada en Acapulco.<br \/>\nAstudillo Flores, se\u00f1al\u00f3 que la operaci\u00f3n que realizaban los efectivos de la Agencia de Investigaci\u00f3n Criminal (AIC) de la Procuradur\u00eda General de la Rep\u00fablica (PGR), no estaba dirigida en particular a un l\u00edder criminal.<br \/>\n\u201cSe han estado desplegando una serie de acciones por parte de la Secretar\u00eda de la Defensa Nacional (SEDENA), en este caso por la Polic\u00eda (Ministerial Federal), dependiente de la Procuradur\u00eda General de la Rep\u00fablica.<br \/>\n\u201cTodos estos operativos (policiaco-militar) que no se ven desde aqu\u00ed, se est\u00e1n haciendo en b\u00fasqueda de detener a l\u00edderes de grupos delincuenciales. Ninguno en particular, todo es en general\u201d, remarc\u00f3.<br \/>\nDe los desplazados de la comunidad de La Gavia, municipio de San Miguel Totolapan, en la regi\u00f3n de la Tierra Caliente, se\u00f1al\u00f3 que tienen conocimiento de que algunos pobladores de esa localidad se est\u00e1n moviendo, derivado precisamente de los problemas que se han presentado en esa localidad.<br \/>\nAstudillo Flores reconoci\u00f3 que las polic\u00edas comunitarias generan demasiados conflictos y demasiadas confrontaciones.<br \/>\n\u201cYo creo es que el ropaje original de la poblaci\u00f3n ya no es el mismo y por supuesto que las actitudes (de los comunitarios) en varias ocasiones son m\u00e1s en defensa de otros intereses que de los intereses de defender a la poblaci\u00f3n\u201d, insisti\u00f3.<br \/>\nFinalmente se\u00f1al\u00f3 que la Polic\u00eda Federal en Acapulco en este momento hay poco m\u00e1s de 500 efectivos.<br \/>\n&nbsp;<\/p>\n","protected":false},"excerpt":{"rendered":"<p>Son regiones complicadas, reconoce el gobernador Acapulco, Gro.- El gobernador de Guerrero, H\u00e9ctor Astudillo Flores se pronunci\u00f3 porque en operativos de seguridad se toquen cabeza que lideran grupos delictivos de&hellip; <\/p>\n","protected":false},"author":1,"featured_media":0,"comment_status":"closed","ping_status":"closed","sticky":false,"template":"","format":"standard","meta":{"fifu_image_url":"","fifu_image_alt":"","footnotes":""},"categories":[8,23],"tags":[],"class_list":["post-5579","post","type-post","status-publish","format-standard","hentry","category-featured","category-regionales"],"_links":{"self":[{"href":"https:\/\/www.interaccionnoticias.com.mx\/index.php?rest_route=\/wp\/v2\/posts\/5579","targetHints":{"allow":["GET"]}}],"collection":[{"href":"https:\/\/www.interaccionnoticias.com.mx\/index.php?rest_route=\/wp\/v2\/posts"}],"about":[{"href":"https:\/\/www.interaccionnoticias.com.mx\/index.php?rest_route=\/wp\/v2\/types\/post"}],"author":[{"embeddable":true,"href":"https:\/\/www.interaccionnoticias.com.mx\/index.php?rest_route=\/wp\/v2\/users\/1"}],"replies":[{"embeddable":true,"href":"https:\/\/www.interaccionnoticias.com.mx\/index.php?rest_route=%2Fwp%2Fv2%2Fcomments&post=5579"}],"version-history":[{"count":0,"href":"https:\/\/www.interaccionnoticias.com.mx\/index.php?rest_route=\/wp\/v2\/posts\/5579\/revisions"}],"wp:attachment":[{"href":"https:\/\/www.interaccionnoticias.com.mx\/index.php?rest_route=%2Fwp%2Fv2%2Fmedia&parent=5579"}],"wp:term":[{"taxonomy":"category","embeddable":true,"href":"https:\/\/www.interaccionnoticias.com.mx\/index.php?rest_route=%2Fwp%2Fv2%2Fcategories&post=5579"},{"taxonomy":"post_tag","embeddable":true,"href":"https:\/\/www.interaccionnoticias.com.mx\/index.php?rest_route=%2Fwp%2Fv2%2Ftags&post=5579"}],"curies":[{"name":"wp","href":"https:\/\/api.w.org\/{rel}","templated":true}]}}