{"id":5576,"date":"2017-06-20T19:49:54","date_gmt":"2017-06-21T00:49:54","guid":{"rendered":"http:\/\/www.inter-accion.com.mx\/?p=5576"},"modified":"2017-06-20T19:49:54","modified_gmt":"2017-06-21T00:49:54","slug":"protestan-taxistas-no-quieren-operativos-en-acapulco","status":"publish","type":"post","link":"https:\/\/www.interaccionnoticias.com.mx\/?p=5576","title":{"rendered":"Protestan taxistas, no quieren operativos en Acapulco"},"content":{"rendered":"<p><strong>Solo perjudican a los choferes y no son de seguridad<\/strong><br \/>\n<strong>Aunque admiten que tienen licencias y permisos vencidos<\/strong><br \/>\n<strong>Acapulco, Gro.-<\/strong> M\u00e1s de 200 taxistas realizaron una protesta en contra de la aplicaci\u00f3n de la ley de vialidad, a trav\u00e9s del programa \u201cRehilete\u201d, que implemento la Direcci\u00f3n Vial del puerto de Acapulco.<br \/>\n\u201cEstamos pidiendo que se cancele el operativo Rehilete, porque no es un operativo de seguridad. Los transportistas estamos cansados, de que nos revisen los veh\u00edculos que nos digan que la licencia est\u00e1 vencida, que las placas est\u00e1n vencidas, el af\u00e1n de encontrarte algo para subirte a la gr\u00faa.<br \/>\n\u201cNo usan gr\u00faas del municipio, son particulares y eso nos afectan como no tiene idea, por eso pedimos el cese del operativo porque no es de seguridad. Este es un operativo para estar chingando a los compa\u00f1eros\u201d, se quej\u00f3, el dirigente de la FETRAG, Omar Campos Reyes.<br \/>\nRevel\u00f3 que cada arrastre de las gr\u00faas, son de seis a ocho mil pesos para cada unidad del Servicio P\u00fablico, y esa situaci\u00f3n afecta a casi diez mil taxistas.<br \/>\nLos manifestantes, iban liderados por Campos Reyes y Efr\u00e9n Guti\u00e9rrez; se concentraron en la costera Miguel Alem\u00e1n, frente al Asta bandera, exigiendo que se cancele el operativo dispuesto por la Secretar\u00eda de Seguridad P\u00fablica, porque infracciona a taxistas y les aplican multas muy costosas.<br \/>\n\u201cNo son libres los compa\u00f1eros de entrar (al centro del puerto de Acapulco) a dejar un servicio especial, porque (los agentes de Tr\u00e1nsito) los detienen, amenazan con detener el veh\u00edculo, y la infracci\u00f3n es muy cara\u201d, dijo Efr\u00e9n Guti\u00e9rrez, dirigente de la ruta Cruces-San Marcos.<br \/>\nEn tanto el l\u00edder de la FETRAG Omar Reyes, dijo que los transportistas es uno de los gremios m\u00e1s vulnerables tanto por la delincuencia, como del mismo gobierno y debemos marcar los limites.<br \/>\nTambi\u00e9n reproch\u00f3 que se tienen consideraciones para los trabajadores de taxis azul con blanco, no as\u00ed para los colectivos amarillos.<br \/>\nEn seguida reproch\u00f3 a las autoridades municipales y le exigieron un programa de bacheo porque las calles en las vialidades de Ciudad Renacimiento y de la colonia Emiliano Zapata, las calles est\u00e1n destrozadas.<br \/>\n\u201cAhorita no nos quieren hacer caso, no sabemos de qu\u00e9 se trata. Que se pongan a trabajar los funcionarios, tiene servidores p\u00fablicos de oficina, de aire acondicionado, eso no es justo\u201d, recrimin\u00f3.<br \/>\n&nbsp;<\/p>\n","protected":false},"excerpt":{"rendered":"<p>Solo perjudican a los choferes y no son de seguridad Aunque admiten que tienen licencias y permisos vencidos Acapulco, Gro.- M\u00e1s de 200 taxistas realizaron una protesta en contra de&hellip; <\/p>\n","protected":false},"author":1,"featured_media":0,"comment_status":"closed","ping_status":"closed","sticky":false,"template":"","format":"standard","meta":{"fifu_image_url":"","fifu_image_alt":"","footnotes":""},"categories":[8,23],"tags":[],"class_list":["post-5576","post","type-post","status-publish","format-standard","hentry","category-featured","category-regionales"],"_links":{"self":[{"href":"https:\/\/www.interaccionnoticias.com.mx\/index.php?rest_route=\/wp\/v2\/posts\/5576","targetHints":{"allow":["GET"]}}],"collection":[{"href":"https:\/\/www.interaccionnoticias.com.mx\/index.php?rest_route=\/wp\/v2\/posts"}],"about":[{"href":"https:\/\/www.interaccionnoticias.com.mx\/index.php?rest_route=\/wp\/v2\/types\/post"}],"author":[{"embeddable":true,"href":"https:\/\/www.interaccionnoticias.com.mx\/index.php?rest_route=\/wp\/v2\/users\/1"}],"replies":[{"embeddable":true,"href":"https:\/\/www.interaccionnoticias.com.mx\/index.php?rest_route=%2Fwp%2Fv2%2Fcomments&post=5576"}],"version-history":[{"count":0,"href":"https:\/\/www.interaccionnoticias.com.mx\/index.php?rest_route=\/wp\/v2\/posts\/5576\/revisions"}],"wp:attachment":[{"href":"https:\/\/www.interaccionnoticias.com.mx\/index.php?rest_route=%2Fwp%2Fv2%2Fmedia&parent=5576"}],"wp:term":[{"taxonomy":"category","embeddable":true,"href":"https:\/\/www.interaccionnoticias.com.mx\/index.php?rest_route=%2Fwp%2Fv2%2Fcategories&post=5576"},{"taxonomy":"post_tag","embeddable":true,"href":"https:\/\/www.interaccionnoticias.com.mx\/index.php?rest_route=%2Fwp%2Fv2%2Ftags&post=5576"}],"curies":[{"name":"wp","href":"https:\/\/api.w.org\/{rel}","templated":true}]}}