{"id":55736,"date":"2023-01-10T17:28:48","date_gmt":"2023-01-10T23:28:48","guid":{"rendered":"https:\/\/interaccionnoticias.com.mx\/?p=55736"},"modified":"2023-01-10T17:28:53","modified_gmt":"2023-01-10T23:28:53","slug":"morena-guerrero-condena-el-asesinato-del-jefe-de-la-policia-auxiliar-de-acapulco","status":"publish","type":"post","link":"https:\/\/www.interaccionnoticias.com.mx\/?p=55736","title":{"rendered":"Morena-Guerrero condena el asesinato del jefe de la Polic\u00eda Auxiliar de Acapulco"},"content":{"rendered":"\n<p><em><strong>&#8212; Pide que se incrementa la coordinaci\u00f2n entre los tres niveles de gobierno<\/strong><\/em><\/p>\n\n\n\n<p><strong>Rogelio Agust\u00edn<\/strong><\/p>\n\n\n\n<p>El dirigente estatal de Morena, Jacinto Gonz\u00e1lez Varona conden\u00f3 el asesinato de Samuel Buenfil Espinosa, jefe de la Polic\u00eda Auxiliar en el puerto de Acapulco y exhort\u00f3 a la alcaldesa, Abelina L\u00f3pez Rodr\u00edguez para reforzar lo que se necesite para revertir la violencia en dicho destino tur\u00edstico.<\/p>\n\n\n\n<p>En las instalaciones del Congreso local, Gonz\u00e1lez Varona manifest\u00f3 que estaba enterado del asesinato cometido en agravio del jefe de la Polic\u00eda Auxiliar, por lo que consider\u00f3 importante manifestar su condena, adem\u00e1s de expresar su disposici\u00f3n para que desde sus posibilidades, los diputados impulsen esfuerzos encaminados a mejorar la seguridad en el puerto.<\/p>\n\n\n\n<p>Reconoci\u00f3 que tal y como lo se\u00f1al\u00f3 la jefa de Cabildo, al municipio no le corresponde investigar los cr\u00edmenes que se registran en la ciudad, pues la Constituci\u00f3n General de la Rep\u00fablica establece que esa es facultad de la Fiscal\u00eda del Estado.<\/p>\n\n\n\n<p>Agreg\u00f3 que el combate a la delincuencia est\u00e1 en manos de las corporaciones estatales y de la federaci\u00f3n, mientras que al municipio le compete la prevenci\u00f3n del delito, lo que no implica eludir las responsabilidades.<\/p>\n\n\n\n<p>Lo sucedido este martes 10 de enero, dijo que deja muy claro que se debe reforzar la coordinaci\u00f3n en los tres niveles de gobierno, para garantizar resultados positivos.<\/p>\n\n\n\n<p>Por eso anot\u00f3: \u201cYo le pedir\u00eda a la presidenta (Abelina L\u00f3pez) y los encargados de la seguridad en Acapulco, que refuercen la coordinaci\u00f3n, que refuercen las mesas para la construcci\u00f3n de la paz, porque en los momentos de inicio de la administraci\u00f3n actual nos dio resultados\u201d.<\/p>\n\n\n\n<p>La ruta m\u00e1s adecuada para revertir cual quier ola delictiva, dijo que sin duda es incrementar la coordinaci\u00f3n, pues el estado y municipio requieren de la suma de esfuerzos, ya que por separado es muy poco lo que se puede hacer.<\/p>\n","protected":false},"excerpt":{"rendered":"<p>&#8212; Pide que se incrementa la coordinaci\u00f2n entre los tres niveles de gobierno Rogelio Agust\u00edn El dirigente estatal de Morena, Jacinto Gonz\u00e1lez Varona conden\u00f3 el asesinato de Samuel Buenfil Espinosa,&hellip; <\/p>\n","protected":false},"author":21,"featured_media":55737,"comment_status":"open","ping_status":"open","sticky":false,"template":"","format":"standard","meta":{"fifu_image_url":"","fifu_image_alt":"","footnotes":""},"categories":[21],"tags":[],"class_list":["post-55736","post","type-post","status-publish","format-standard","has-post-thumbnail","hentry","category-politica"],"_links":{"self":[{"href":"https:\/\/www.interaccionnoticias.com.mx\/index.php?rest_route=\/wp\/v2\/posts\/55736","targetHints":{"allow":["GET"]}}],"collection":[{"href":"https:\/\/www.interaccionnoticias.com.mx\/index.php?rest_route=\/wp\/v2\/posts"}],"about":[{"href":"https:\/\/www.interaccionnoticias.com.mx\/index.php?rest_route=\/wp\/v2\/types\/post"}],"author":[{"embeddable":true,"href":"https:\/\/www.interaccionnoticias.com.mx\/index.php?rest_route=\/wp\/v2\/users\/21"}],"replies":[{"embeddable":true,"href":"https:\/\/www.interaccionnoticias.com.mx\/index.php?rest_route=%2Fwp%2Fv2%2Fcomments&post=55736"}],"version-history":[{"count":1,"href":"https:\/\/www.interaccionnoticias.com.mx\/index.php?rest_route=\/wp\/v2\/posts\/55736\/revisions"}],"predecessor-version":[{"id":55738,"href":"https:\/\/www.interaccionnoticias.com.mx\/index.php?rest_route=\/wp\/v2\/posts\/55736\/revisions\/55738"}],"wp:featuredmedia":[{"embeddable":true,"href":"https:\/\/www.interaccionnoticias.com.mx\/index.php?rest_route=\/wp\/v2\/media\/55737"}],"wp:attachment":[{"href":"https:\/\/www.interaccionnoticias.com.mx\/index.php?rest_route=%2Fwp%2Fv2%2Fmedia&parent=55736"}],"wp:term":[{"taxonomy":"category","embeddable":true,"href":"https:\/\/www.interaccionnoticias.com.mx\/index.php?rest_route=%2Fwp%2Fv2%2Fcategories&post=55736"},{"taxonomy":"post_tag","embeddable":true,"href":"https:\/\/www.interaccionnoticias.com.mx\/index.php?rest_route=%2Fwp%2Fv2%2Ftags&post=55736"}],"curies":[{"name":"wp","href":"https:\/\/api.w.org\/{rel}","templated":true}]}}