{"id":55732,"date":"2023-01-10T15:33:48","date_gmt":"2023-01-10T21:33:48","guid":{"rendered":"https:\/\/interaccionnoticias.com.mx\/?p=55732"},"modified":"2023-01-10T15:33:53","modified_gmt":"2023-01-10T21:33:53","slug":"ejecutan-al-encargado-de-la-policia-auxiliar-de-acapulco","status":"publish","type":"post","link":"https:\/\/www.interaccionnoticias.com.mx\/?p=55732","title":{"rendered":"Ejecutan al encargado de la Polic\u00eda Auxiliar de Acapulco"},"content":{"rendered":"\n<p><strong><em>&#8212; Fue acribillado a unos metros de la SSP<\/em><\/strong><\/p>\n\n\n\n<p><strong>Javier Trujillo<\/strong><\/p>\n\n\n\n<p><strong>Acapulco, Gro.-<\/strong> Este mediod\u00eda a escasos metros de las instalaciones de la Secretaria de Seguridad P\u00fablica de Acapulco, asesinaron a balazos con arma de grueso calibre al jefe operativo de la Policia Auxiliar Samuel Buenfil Espinoza.<\/p>\n\n\n\n<p>Al respecto, el gobierno de Acapulco, lament\u00f3 y conden\u00f3 la agresi\u00f3n contra el encargado de la Polic\u00eda Auxiliar, Samuel \u00abB\u00bb, por sujetos desconocidos y aseguro que fue desplegado un operativo para perseguir a los presuntos responsables, sin resultados favorables.<\/p>\n\n\n\n<p>La agresi\u00f3n se registr\u00f3 entre las calles Michoac\u00e1n y Sonora en la populosa colonia Progreso, cuando un comando le dispar\u00f3 en repetidas ocasiones, para huir en seguida de la escena del cr\u00edmen.<\/p>\n\n\n\n<p>De acuerdo con los primeros reportes, el encargado de despacho de la Polic\u00eda Auxiliar de Acapulco, se indica que hab\u00eda salido a realizar unas compras cuando iba caminando sus victimarios lo alcanzaron y en repetidas ocasiones dispararon contra la humanidad del encargado de la auxiliar.<\/p>\n\n\n\n<p>Hasta la escena del crimen arribaron efectivos de la Polic\u00eda Urbana, polic\u00edas ministeriales, estatales y soldados del Ej\u00e9rcito Mexicano quienes de inmediato acordonaron la zona.<\/p>\n\n\n\n<p>El gobierno de la alcaldesa Abelina L\u00f3pez Rodr\u00edguez, indico que tendr\u00e1n todas las facilidades para llevar a cabo la investigaci\u00f3n y este hecho delictivo no quede impune en el puerto.<\/p>\n","protected":false},"excerpt":{"rendered":"<p>&#8212; Fue acribillado a unos metros de la SSP Javier Trujillo Acapulco, Gro.- Este mediod\u00eda a escasos metros de las instalaciones de la Secretaria de Seguridad P\u00fablica de Acapulco, asesinaron&hellip; <\/p>\n","protected":false},"author":3,"featured_media":55734,"comment_status":"open","ping_status":"open","sticky":false,"template":"","format":"standard","meta":{"fifu_image_url":"","fifu_image_alt":"","footnotes":""},"categories":[27],"tags":[],"class_list":["post-55732","post","type-post","status-publish","format-standard","has-post-thumbnail","hentry","category-seguridad-publica"],"_links":{"self":[{"href":"https:\/\/www.interaccionnoticias.com.mx\/index.php?rest_route=\/wp\/v2\/posts\/55732","targetHints":{"allow":["GET"]}}],"collection":[{"href":"https:\/\/www.interaccionnoticias.com.mx\/index.php?rest_route=\/wp\/v2\/posts"}],"about":[{"href":"https:\/\/www.interaccionnoticias.com.mx\/index.php?rest_route=\/wp\/v2\/types\/post"}],"author":[{"embeddable":true,"href":"https:\/\/www.interaccionnoticias.com.mx\/index.php?rest_route=\/wp\/v2\/users\/3"}],"replies":[{"embeddable":true,"href":"https:\/\/www.interaccionnoticias.com.mx\/index.php?rest_route=%2Fwp%2Fv2%2Fcomments&post=55732"}],"version-history":[{"count":1,"href":"https:\/\/www.interaccionnoticias.com.mx\/index.php?rest_route=\/wp\/v2\/posts\/55732\/revisions"}],"predecessor-version":[{"id":55735,"href":"https:\/\/www.interaccionnoticias.com.mx\/index.php?rest_route=\/wp\/v2\/posts\/55732\/revisions\/55735"}],"wp:featuredmedia":[{"embeddable":true,"href":"https:\/\/www.interaccionnoticias.com.mx\/index.php?rest_route=\/wp\/v2\/media\/55734"}],"wp:attachment":[{"href":"https:\/\/www.interaccionnoticias.com.mx\/index.php?rest_route=%2Fwp%2Fv2%2Fmedia&parent=55732"}],"wp:term":[{"taxonomy":"category","embeddable":true,"href":"https:\/\/www.interaccionnoticias.com.mx\/index.php?rest_route=%2Fwp%2Fv2%2Fcategories&post=55732"},{"taxonomy":"post_tag","embeddable":true,"href":"https:\/\/www.interaccionnoticias.com.mx\/index.php?rest_route=%2Fwp%2Fv2%2Ftags&post=55732"}],"curies":[{"name":"wp","href":"https:\/\/api.w.org\/{rel}","templated":true}]}}