{"id":5573,"date":"2017-06-20T19:42:41","date_gmt":"2017-06-21T00:42:41","guid":{"rendered":"http:\/\/www.inter-accion.com.mx\/?p=5573"},"modified":"2017-06-20T19:42:41","modified_gmt":"2017-06-21T00:42:41","slug":"policias-despedidos-solicitan-el-amparo-de-la-justicia-federal-para-defender-su-trabajo","status":"publish","type":"post","link":"https:\/\/www.interaccionnoticias.com.mx\/?p=5573","title":{"rendered":"Polic\u00edas despedidos solicitan el amparo de la justicia federal para defender su trabajo"},"content":{"rendered":"<p><strong>El titular de la SSP se neg\u00f3 a dialogar con ellos<\/strong><br \/>\nAl menos 200 polic\u00edas que fueron despedidos por iniciar un paro laboral en mayo pasado, informaron que han solicitado el beneficio del amparo ante el Poder Judicial de la Federaci\u00f3n con la intenci\u00f3n defender su permanencia en el trabajo, aseguran que ya les deben dos quincenas y dos vi\u00e1ticos, porque hasta el momento no han firmado ning\u00fan finiquito.<br \/>\nEn la explanada del edificio que alberga a la Comisi\u00f3n Estatal de Derechos Humanos (CEDH), los polic\u00edas despedidos reprocharon la actitud que mantiene el presidente de dicho organismo, Ram\u00f3n Navarrete Magdaleno, quien dijeron, los ha plantado hasta en dos ocasiones.<br \/>\nEn ese lugar leyeron un comunicado en el que hablaron sobre la insistencia de regresar a su trabajo, pues no van a recibir lo que se les ofrece no garantiza el bienestar para sus familias.<br \/>\nIndicaron que est\u00e1n frente a un abuso de autoridad por parte del titular de la Secretar\u00eda de Seguridad P\u00fablica (SSP), lo que ya fue tomado en cuenta por las instancias correspondientes.<br \/>\nInformaron que el viernes 16 de junio pasado, el Poder Judicial de la Federaci\u00f3n notific\u00f3 a la Secretar\u00eda de Seguridad P\u00fablica (SSP), que los actos de abuso contra los polic\u00edas deben cesar inmediatamente, lo que deben notificar 24 horas a partir de la notificaci\u00f3n correspondiente.<br \/>\nEntre los abusos que enumeran, est\u00e1 el privar a cada elemento del cobro de su salario, los vi\u00e1ticos, la constancia de servicio y del bono del D\u00eda del Padre, entre otros beneficios.<br \/>\nEso, indicaron que contraviene lo firmado por el presidente de la Rep\u00fablica, Enrique Pe\u00f1a Nieto y del presidente de la Suprema Corte de Justicia de la Naci\u00f3n (SCJN), que recientemente se comprometieron a no permitir ning\u00fan abuso de autoridad en el pa\u00eds.<br \/>\nEn el documento le\u00eddo en la explanada de Derechos Humanos, manifestaron que conf\u00edan en que la justicia federal no permita que se les haga v\u00edctimas de tr\u00e1fico de influencias ni de actos que dejen en condiciones de vulnerabilidad a sus familias.<br \/>\n\u201cNosotros estamos dispuestos a regresar a trabajar, siempre y cuando no haya actos represivos y nuestras constancia de comisi\u00f3n se presenten ante los juzgados federales, pues han negado todas las posibilidades de acercamiento\u201d, anotaron.<br \/>\nEn el caso de la SSP, manifestaron que el titular, Pedro Almaz\u00e1n Cervantes est\u00e1 bajo un procedimiento iniciado en el Poder Judicial de la Federaci\u00f3n, a partir de la solicitud del amparo promovida por los elementos despedidos, los que manifestaron, est\u00e1n dispuestos a recibir una disculpa p\u00fablica para iniciar el proceso de conciliaci\u00f3n.<br \/>\nPidieron una disculpa a la sociedad, pero manifestaron la necesidad de recurrir a instancias superiores para defender su trabajo, ya que el titular de la SSP se neg\u00f3 a dialogar con ellos desde que estall\u00f3 el paro laboral.<br \/>\nDijeron que al general Pedro Almaz\u00e1n le falt\u00f3 voluntad para propiciar la conciliaci\u00f3n en un tema que pudo resolver antes de que se saliera de control, ya que ahora est\u00e1 en los juzgados federales.<br \/>\nAntes de que haya un desenlace en el diferendo, advirtieron que de lo que le suceda a los polic\u00edas que toman parte del movimiento, la responsabilidad recaer\u00e1 en el titular de la SSP y el Gobierno estatal, ya que no tienen dificultades personales con nadie, solamente la lucha por tener mejores condiciones de trabajo.<\/p>\n","protected":false},"excerpt":{"rendered":"<p>El titular de la SSP se neg\u00f3 a dialogar con ellos Al menos 200 polic\u00edas que fueron despedidos por iniciar un paro laboral en mayo pasado, informaron que han solicitado&hellip; <\/p>\n","protected":false},"author":1,"featured_media":0,"comment_status":"closed","ping_status":"closed","sticky":false,"template":"","format":"standard","meta":{"fifu_image_url":"","fifu_image_alt":"","footnotes":""},"categories":[8,27],"tags":[],"class_list":["post-5573","post","type-post","status-publish","format-standard","hentry","category-featured","category-seguridad-publica"],"_links":{"self":[{"href":"https:\/\/www.interaccionnoticias.com.mx\/index.php?rest_route=\/wp\/v2\/posts\/5573","targetHints":{"allow":["GET"]}}],"collection":[{"href":"https:\/\/www.interaccionnoticias.com.mx\/index.php?rest_route=\/wp\/v2\/posts"}],"about":[{"href":"https:\/\/www.interaccionnoticias.com.mx\/index.php?rest_route=\/wp\/v2\/types\/post"}],"author":[{"embeddable":true,"href":"https:\/\/www.interaccionnoticias.com.mx\/index.php?rest_route=\/wp\/v2\/users\/1"}],"replies":[{"embeddable":true,"href":"https:\/\/www.interaccionnoticias.com.mx\/index.php?rest_route=%2Fwp%2Fv2%2Fcomments&post=5573"}],"version-history":[{"count":0,"href":"https:\/\/www.interaccionnoticias.com.mx\/index.php?rest_route=\/wp\/v2\/posts\/5573\/revisions"}],"wp:attachment":[{"href":"https:\/\/www.interaccionnoticias.com.mx\/index.php?rest_route=%2Fwp%2Fv2%2Fmedia&parent=5573"}],"wp:term":[{"taxonomy":"category","embeddable":true,"href":"https:\/\/www.interaccionnoticias.com.mx\/index.php?rest_route=%2Fwp%2Fv2%2Fcategories&post=5573"},{"taxonomy":"post_tag","embeddable":true,"href":"https:\/\/www.interaccionnoticias.com.mx\/index.php?rest_route=%2Fwp%2Fv2%2Ftags&post=5573"}],"curies":[{"name":"wp","href":"https:\/\/api.w.org\/{rel}","templated":true}]}}