{"id":55728,"date":"2023-01-10T15:27:27","date_gmt":"2023-01-10T21:27:27","guid":{"rendered":"https:\/\/interaccionnoticias.com.mx\/?p=55728"},"modified":"2023-01-10T15:27:32","modified_gmt":"2023-01-10T21:27:32","slug":"reporta-guerrero-286-casos-activos-de-covid-19","status":"publish","type":"post","link":"https:\/\/www.interaccionnoticias.com.mx\/?p=55728","title":{"rendered":"REPORTA GUERRERO 286 CASOS ACTIVOS DE COVID-19"},"content":{"rendered":"\n<p><strong><em>&#8212; Se registr\u00f3 una defunci\u00f3n en las \u00faltimas 24 horas<\/em><\/strong><\/p>\n\n\n\n<p><strong>Chilpancingo, Gro., 10 de enero 2023.- <\/strong>Contin\u00faa el gobierno del estado que encabeza la gobernadora Evelyn Salgado Pineda, a trav\u00e9s de la Secretar\u00eda de Salud Guerrero (SSG) aplicando acciones preventivas para evitar la propagaci\u00f3n del virus por COVID-19, esto con el fin de prevenir m\u00e1s contagios, se inform\u00f3 que al 09 de enero la dependencia reporta 286 casos activos, de los cuales 15 y 1 defunci\u00f3n se confirm\u00f3 en las \u00faltimas 24 horas.<\/p>\n\n\n\n<p>El llamado a preservar las medidas sanitarias establecidas para evitar contagios y su propagaci\u00f3n, entre los cuidados se sigue recomendando el uso correcto de cubrebocas en espacios cerrados y abiertos, sana distancia de 1.5 metros, lavado de manos constante con agua y jab\u00f3n y\/o desinfecci\u00f3n con alcohol en gel al 70%, adem\u00e1s de evitar aglomeraciones.<\/p>\n\n\n\n<p>La Secretar\u00eda de Salud inform\u00f3 que los m\u00f3dulos de atenci\u00f3n r\u00e1pida, ya fueron retirados de las siete jurisdicciones sanitarias, donde se brind\u00f3 atenci\u00f3n gratuita a cientos de personas que acudieron a realizarse la prueba, destacando que este servicio no solo se otorg\u00f3 para locales, sino tambi\u00e9n para turistas que visitaron los destinos tur\u00edsticos del estado.<\/p>\n\n\n\n<p>Al presentar el informe t\u00e9cnico diario sobre el estado de la pandemia en Guerrero, la dependencia indic\u00f3 que la entidad acumula 117,641 casos confirmados y 6,867 defunciones, y reiter\u00f3 el llamado a mantener las medidas preventivas para evitar el aumento de contagios del virus SARS-CoV-2.<\/p>\n\n\n\n<p>La SSG detall\u00f3 que Guerrero registra casos activos en 24 municipios, siendo los principales los siguientes: Acapulco, 84; Chilpancingo, 69; Taxco, 49; Iguala, 38; Zihuatanejo, 13; Tixtla, 4; Eduardo Neri, 3; Marquelia, 3; Ometepec, 3 y Alpoyeca, 2.<\/p>\n\n\n\n<figure class=\"wp-block-gallery columns-1 is-cropped wp-block-gallery-1 is-layout-flex wp-block-gallery-is-layout-flex\"><ul class=\"blocks-gallery-grid\"><li class=\"blocks-gallery-item\"><figure><img decoding=\"async\" src=\"data:image\/gif;base64,R0lGODlhAQABAIAAAAAAAP\/\/\/ywAAAAAAQABAAACAUwAOw==\" fifu-lazy=\"1\" fifu-data-sizes=\"auto\" fifu-data-srcset=\"https:\/\/i0.wp.com\/interaccionnoticias.com.mx\/wp-content\/uploads\/2023\/01\/230110-COVID-19-copia-1024x1024.jpg?ssl=1&w=75&resize=75&ssl=1 75w, https:\/\/i0.wp.com\/interaccionnoticias.com.mx\/wp-content\/uploads\/2023\/01\/230110-COVID-19-copia-1024x1024.jpg?ssl=1&w=100&resize=100&ssl=1 100w, https:\/\/i0.wp.com\/interaccionnoticias.com.mx\/wp-content\/uploads\/2023\/01\/230110-COVID-19-copia-1024x1024.jpg?ssl=1&w=150&resize=150&ssl=1 150w, https:\/\/i0.wp.com\/interaccionnoticias.com.mx\/wp-content\/uploads\/2023\/01\/230110-COVID-19-copia-1024x1024.jpg?ssl=1&w=240&resize=240&ssl=1 240w, https:\/\/i0.wp.com\/interaccionnoticias.com.mx\/wp-content\/uploads\/2023\/01\/230110-COVID-19-copia-1024x1024.jpg?ssl=1&w=320&resize=320&ssl=1 320w, https:\/\/i0.wp.com\/interaccionnoticias.com.mx\/wp-content\/uploads\/2023\/01\/230110-COVID-19-copia-1024x1024.jpg?ssl=1&w=500&resize=500&ssl=1 500w, https:\/\/i0.wp.com\/interaccionnoticias.com.mx\/wp-content\/uploads\/2023\/01\/230110-COVID-19-copia-1024x1024.jpg?ssl=1&w=640&resize=640&ssl=1 640w, https:\/\/i0.wp.com\/interaccionnoticias.com.mx\/wp-content\/uploads\/2023\/01\/230110-COVID-19-copia-1024x1024.jpg?ssl=1&w=800&resize=800&ssl=1 800w, https:\/\/i0.wp.com\/interaccionnoticias.com.mx\/wp-content\/uploads\/2023\/01\/230110-COVID-19-copia-1024x1024.jpg?ssl=1&w=1024&resize=1024&ssl=1 1024w, https:\/\/i0.wp.com\/interaccionnoticias.com.mx\/wp-content\/uploads\/2023\/01\/230110-COVID-19-copia-1024x1024.jpg?ssl=1&w=1280&resize=1280&ssl=1 1280w, https:\/\/i0.wp.com\/interaccionnoticias.com.mx\/wp-content\/uploads\/2023\/01\/230110-COVID-19-copia-1024x1024.jpg?ssl=1&w=1600&resize=1600&ssl=1 1600w\" fifu-data-src=\"https:\/\/i0.wp.com\/interaccionnoticias.com.mx\/wp-content\/uploads\/2023\/01\/230110-COVID-19-copia-1024x1024.jpg?ssl=1\" alt=\"\" data-id=\"55729\" data-full-url=\"https:\/\/interaccionnoticias.com.mx\/wp-content\/uploads\/2023\/01\/230110-COVID-19-copia.jpg\" data-link=\"https:\/\/interaccionnoticias.com.mx\/?attachment_id=55729\" class=\"wp-image-55729\"\/><\/figure><\/li><\/ul><\/figure>\n","protected":false},"excerpt":{"rendered":"<p>&#8212; Se registr\u00f3 una defunci\u00f3n en las \u00faltimas 24 horas Chilpancingo, Gro., 10 de enero 2023.- Contin\u00faa el gobierno del estado que encabeza la gobernadora Evelyn Salgado Pineda, a trav\u00e9s&hellip; <\/p>\n","protected":false},"author":19,"featured_media":55730,"comment_status":"open","ping_status":"open","sticky":false,"template":"","format":"standard","meta":{"fifu_image_url":"","fifu_image_alt":"","footnotes":""},"categories":[3],"tags":[],"class_list":["post-55728","post","type-post","status-publish","format-standard","has-post-thumbnail","hentry","category-covid-19"],"_links":{"self":[{"href":"https:\/\/www.interaccionnoticias.com.mx\/index.php?rest_route=\/wp\/v2\/posts\/55728","targetHints":{"allow":["GET"]}}],"collection":[{"href":"https:\/\/www.interaccionnoticias.com.mx\/index.php?rest_route=\/wp\/v2\/posts"}],"about":[{"href":"https:\/\/www.interaccionnoticias.com.mx\/index.php?rest_route=\/wp\/v2\/types\/post"}],"author":[{"embeddable":true,"href":"https:\/\/www.interaccionnoticias.com.mx\/index.php?rest_route=\/wp\/v2\/users\/19"}],"replies":[{"embeddable":true,"href":"https:\/\/www.interaccionnoticias.com.mx\/index.php?rest_route=%2Fwp%2Fv2%2Fcomments&post=55728"}],"version-history":[{"count":1,"href":"https:\/\/www.interaccionnoticias.com.mx\/index.php?rest_route=\/wp\/v2\/posts\/55728\/revisions"}],"predecessor-version":[{"id":55731,"href":"https:\/\/www.interaccionnoticias.com.mx\/index.php?rest_route=\/wp\/v2\/posts\/55728\/revisions\/55731"}],"wp:featuredmedia":[{"embeddable":true,"href":"https:\/\/www.interaccionnoticias.com.mx\/index.php?rest_route=\/wp\/v2\/media\/55730"}],"wp:attachment":[{"href":"https:\/\/www.interaccionnoticias.com.mx\/index.php?rest_route=%2Fwp%2Fv2%2Fmedia&parent=55728"}],"wp:term":[{"taxonomy":"category","embeddable":true,"href":"https:\/\/www.interaccionnoticias.com.mx\/index.php?rest_route=%2Fwp%2Fv2%2Fcategories&post=55728"},{"taxonomy":"post_tag","embeddable":true,"href":"https:\/\/www.interaccionnoticias.com.mx\/index.php?rest_route=%2Fwp%2Fv2%2Ftags&post=55728"}],"curies":[{"name":"wp","href":"https:\/\/api.w.org\/{rel}","templated":true}]}}