{"id":55718,"date":"2023-01-10T15:03:56","date_gmt":"2023-01-10T21:03:56","guid":{"rendered":"https:\/\/interaccionnoticias.com.mx\/?p=55718"},"modified":"2023-01-10T15:04:01","modified_gmt":"2023-01-10T21:04:01","slug":"solicita-cdheg-a-las-autoridades-investigar-desaparicion-de-tres-comunicadores","status":"publish","type":"post","link":"https:\/\/www.interaccionnoticias.com.mx\/?p=55718","title":{"rendered":"Solicita CDHEG a las autoridades investigar desaparici\u00f3n de tres comunicadores"},"content":{"rendered":"\n<p><strong>Jes\u00fas Dorantes<\/strong><\/p>\n\n\n\n<p><strong>Chilpancingo, Gro.-<\/strong> La Comisi\u00f3n de Derechos Humanos del Estado de Guerrero (CDHEG) realiz\u00f3 un exhorto a las autoridades correspondientes, para que se investigu\u00e9 la desaparici\u00f3n de los administradores de la p\u00e1gina Escenario Calentano Alan Garc\u00eda Aguilar, Fernando Moreno Villegas y el reportero Jes\u00fas Pintor.<\/p>\n\n\n\n<p>Mediante un comunicado la CDHEG que encabeza la presidenta Cecilia Narciso Gayt\u00e1n lamentaron la privaci\u00f3n ilegald de la libertad de los tres comunicadores de la Tierra Caliente, adem\u00e1s de condenar el hecho solicitando a las autoridades se investigu\u00e9 el caso.<\/p>\n\n\n\n<p>\u201cLa Comisi\u00f3n de los Derechos Humanos del Estado de Guerrero (CDHEG), lamenta profundamente y condena la privaci\u00f3n ilegal de la libertad de los CC. Jes\u00fas Pintor Alegre, Fernando Moreno Villegas y Alan Garc\u00eda Aguilar, de ocupaci\u00f3n periodistas quienes actualmente se encuentran desaparecidos, por lo que se solicita a las autoridades competentes del Estado realice las indagatorias respecto a tales hechos\u201d.<\/p>\n\n\n\n<p>Adem\u00e1s de dar a conocer que se le dar\u00e1 seguimiento al caso para que se garantice la seguridad de los periodistas y se logra su pronta localizaci\u00f3n, exhortando a las autoridades encargadas de la investigaci\u00f3n se realice en apego a los Derechos Humanos.<\/p>\n\n\n\n<p>\u201cDe la misma forma, este organismo defensor hace un llamado a las autoridades encargadas de la investigaci\u00f3n, para que se realice de manera diligente y apegada a los principios de legalidad y que las acciones que se tomen sean con estricto respeto a los derechos humanos\u201d.<\/p>\n\n\n\n<p>Durante la misma jornada del martes m\u00e1s de 50 periodistas y reporteros de los diferentes medios del estado firmaron un documento en el que se solicit\u00f3 a la Fiscal\u00eda General de la Rep\u00fablica (FGR) y al gobierno estatal se realice la b\u00fasqueda y presentaci\u00f3n con vida de Alan, Fernando y Jes\u00fas.<\/p>\n\n\n\n<figure class=\"wp-block-gallery columns-1 is-cropped wp-block-gallery-1 is-layout-flex wp-block-gallery-is-layout-flex\"><ul class=\"blocks-gallery-grid\"><li class=\"blocks-gallery-item\"><figure><img decoding=\"async\" src=\"data:image\/gif;base64,R0lGODlhAQABAIAAAAAAAP\/\/\/ywAAAAAAQABAAACAUwAOw==\" fifu-lazy=\"1\" fifu-data-sizes=\"auto\" fifu-data-srcset=\"https:\/\/i0.wp.com\/interaccionnoticias.com.mx\/wp-content\/uploads\/2023\/01\/230110-CDHEG-1.jpg?ssl=1&w=75&resize=75&ssl=1 75w, https:\/\/i0.wp.com\/interaccionnoticias.com.mx\/wp-content\/uploads\/2023\/01\/230110-CDHEG-1.jpg?ssl=1&w=100&resize=100&ssl=1 100w, https:\/\/i0.wp.com\/interaccionnoticias.com.mx\/wp-content\/uploads\/2023\/01\/230110-CDHEG-1.jpg?ssl=1&w=150&resize=150&ssl=1 150w, https:\/\/i0.wp.com\/interaccionnoticias.com.mx\/wp-content\/uploads\/2023\/01\/230110-CDHEG-1.jpg?ssl=1&w=240&resize=240&ssl=1 240w, https:\/\/i0.wp.com\/interaccionnoticias.com.mx\/wp-content\/uploads\/2023\/01\/230110-CDHEG-1.jpg?ssl=1&w=320&resize=320&ssl=1 320w, https:\/\/i0.wp.com\/interaccionnoticias.com.mx\/wp-content\/uploads\/2023\/01\/230110-CDHEG-1.jpg?ssl=1&w=500&resize=500&ssl=1 500w, https:\/\/i0.wp.com\/interaccionnoticias.com.mx\/wp-content\/uploads\/2023\/01\/230110-CDHEG-1.jpg?ssl=1&w=640&resize=640&ssl=1 640w, https:\/\/i0.wp.com\/interaccionnoticias.com.mx\/wp-content\/uploads\/2023\/01\/230110-CDHEG-1.jpg?ssl=1&w=800&resize=800&ssl=1 800w, https:\/\/i0.wp.com\/interaccionnoticias.com.mx\/wp-content\/uploads\/2023\/01\/230110-CDHEG-1.jpg?ssl=1&w=1024&resize=1024&ssl=1 1024w, https:\/\/i0.wp.com\/interaccionnoticias.com.mx\/wp-content\/uploads\/2023\/01\/230110-CDHEG-1.jpg?ssl=1&w=1280&resize=1280&ssl=1 1280w, https:\/\/i0.wp.com\/interaccionnoticias.com.mx\/wp-content\/uploads\/2023\/01\/230110-CDHEG-1.jpg?ssl=1&w=1600&resize=1600&ssl=1 1600w\" fifu-data-src=\"https:\/\/i0.wp.com\/interaccionnoticias.com.mx\/wp-content\/uploads\/2023\/01\/230110-CDHEG-1.jpg?ssl=1\" alt=\"\" data-id=\"55720\" data-full-url=\"https:\/\/i0.wp.com\/interaccionnoticias.com.mx\/wp-content\/uploads\/2023\/01\/230110-CDHEG-1.jpg?ssl=1\" data-link=\"https:\/\/interaccionnoticias.com.mx\/?attachment_id=55720\" class=\"wp-image-55720\"\/><\/figure><\/li><\/ul><\/figure>\n","protected":false},"excerpt":{"rendered":"<p>Jes\u00fas Dorantes Chilpancingo, Gro.- La Comisi\u00f3n de Derechos Humanos del Estado de Guerrero (CDHEG) realiz\u00f3 un exhorto a las autoridades correspondientes, para que se investigu\u00e9 la desaparici\u00f3n de los administradores&hellip; <\/p>\n","protected":false},"author":8,"featured_media":55719,"comment_status":"open","ping_status":"open","sticky":false,"template":"","format":"standard","meta":{"fifu_image_url":"","fifu_image_alt":"","footnotes":""},"categories":[11],"tags":[],"class_list":["post-55718","post","type-post","status-publish","format-standard","has-post-thumbnail","hentry","category-guerrero"],"_links":{"self":[{"href":"https:\/\/www.interaccionnoticias.com.mx\/index.php?rest_route=\/wp\/v2\/posts\/55718","targetHints":{"allow":["GET"]}}],"collection":[{"href":"https:\/\/www.interaccionnoticias.com.mx\/index.php?rest_route=\/wp\/v2\/posts"}],"about":[{"href":"https:\/\/www.interaccionnoticias.com.mx\/index.php?rest_route=\/wp\/v2\/types\/post"}],"author":[{"embeddable":true,"href":"https:\/\/www.interaccionnoticias.com.mx\/index.php?rest_route=\/wp\/v2\/users\/8"}],"replies":[{"embeddable":true,"href":"https:\/\/www.interaccionnoticias.com.mx\/index.php?rest_route=%2Fwp%2Fv2%2Fcomments&post=55718"}],"version-history":[{"count":1,"href":"https:\/\/www.interaccionnoticias.com.mx\/index.php?rest_route=\/wp\/v2\/posts\/55718\/revisions"}],"predecessor-version":[{"id":55721,"href":"https:\/\/www.interaccionnoticias.com.mx\/index.php?rest_route=\/wp\/v2\/posts\/55718\/revisions\/55721"}],"wp:featuredmedia":[{"embeddable":true,"href":"https:\/\/www.interaccionnoticias.com.mx\/index.php?rest_route=\/wp\/v2\/media\/55719"}],"wp:attachment":[{"href":"https:\/\/www.interaccionnoticias.com.mx\/index.php?rest_route=%2Fwp%2Fv2%2Fmedia&parent=55718"}],"wp:term":[{"taxonomy":"category","embeddable":true,"href":"https:\/\/www.interaccionnoticias.com.mx\/index.php?rest_route=%2Fwp%2Fv2%2Fcategories&post=55718"},{"taxonomy":"post_tag","embeddable":true,"href":"https:\/\/www.interaccionnoticias.com.mx\/index.php?rest_route=%2Fwp%2Fv2%2Ftags&post=55718"}],"curies":[{"name":"wp","href":"https:\/\/api.w.org\/{rel}","templated":true}]}}