{"id":55715,"date":"2023-01-10T14:54:22","date_gmt":"2023-01-10T20:54:22","guid":{"rendered":"https:\/\/interaccionnoticias.com.mx\/?p=55715"},"modified":"2023-01-10T14:54:28","modified_gmt":"2023-01-10T20:54:28","slug":"periodistas-de-guerrero-exigen-la-busqueda-tres-companeros-desaparecidos","status":"publish","type":"post","link":"https:\/\/www.interaccionnoticias.com.mx\/?p=55715","title":{"rendered":"Periodistas de Guerrero exigen la b\u00fasqueda tres compa\u00f1eros desaparecidos"},"content":{"rendered":"\n<p><strong><em>&#8212; En carta dirigida al presidente de la Rep\u00fablica y la gobernadora Evelyn Salgado Pineda<\/em><\/strong><\/p>\n\n\n\n<p><strong>Rogelio Agust\u00edn<\/strong><\/p>\n\n\n\n<p>Comunicadores de diferentes regiones solicitaron al Gobierno de Guerrero y la Federaci\u00f3n, que inicien los trabajos de b\u00fasqueda encaminados a localizar al reportero Jes\u00fas Pintor Alegre y los administradores del portal \u201cEscenario Calentano\u201d, Fernando Moreno Villegas y Alan Garc\u00eda Aguilar, de quienes se desconoce la ubicaci\u00f3n desde el pasado 27 de diciembre.<\/p>\n\n\n\n<p>La jornada del martes 10 de enero, integrantes del gremio period\u00edstico de Guerrero dirigieron un documento al presidente de la Rep\u00fablica, Andr\u00e9s Manuel L\u00f3pez Obrador, la gobernadora Evelyn Salgado Pineda, al subsecretario de Derechos Humanos de la Secretar\u00eda de Gobernaci\u00f3n, Alejandro Encinas Rodr\u00edguez, la titular de la Fiscal\u00eda General del Estado (FGE), Sandra Luz Valdovinos Salmer\u00f3n, la<\/p>\n\n\n\n<p>Comisi\u00f3n Nacional de los Derechos Humanos (CNDH) y la<\/p>\n\n\n\n<p>Comisi\u00f3n de Derechos Humanos del Estado de Guerrero (CDHEG).<\/p>\n\n\n\n<p>En el texto, los trabajadores de los medios se\u00f1alan que hay un hecho que genera una preocupaci\u00f3n que se acrecenta conforme pasan los d\u00edas del presente a\u00f1o.<\/p>\n\n\n\n<p>El escrito refiere que desde los d\u00edas 26 y 27 de diciembre de 2022, \u201cse carece de informaci\u00f3n relacionada con el paradero del compa\u00f1ero periodista, Jes\u00fas Pintor Alegre y de los administradores del portal Escenario Calentano, Fernando Moreno Villegas y Alan Garc\u00eda Aguilar\u201d.<\/p>\n\n\n\n<p>Se se\u00f1ala que el 7 de enero, los editores del referido portal fueron exhibidos en un video de 41 segundos, en el que aparecen encadenados de pies y manos, sentados y descalzos, donde admiten que fueron privados de la libertad por publicar informaci\u00f3n en contra de personas presuntamente relacionadas con el crimen organizado.<\/p>\n\n\n\n<p>En dicho video no aparece Jes\u00fas Pintor Alegre, \u201ccuya trayectoria period\u00edstica es reconocida en todo el estado de Guerrero por su trabajo como reportero, corresponsal de diferentes medios y tambi\u00e9n por su inclinaci\u00f3n a escribir poes\u00eda\u201d.<\/p>\n\n\n\n<p>\u201cHasta el momento, las familias de nuestros compa\u00f1eros han guardado un silencio respetuoso, con evidente temor, pero con la esperanza de que ello abone a que pronto se les pueda ver de regreso en sus domicilios\u201d.<\/p>\n\n\n\n<p>Se anota que la no localizaci\u00f3n del compa\u00f1ero reportero y de los administradores de la p\u00e1gina mencionada de Facebook, se confirm\u00f3 ante la difusi\u00f3n del video de 41 segundos, colgado al parecer por los propios captores, de tal manera que el asunto ya es del conocimiento de la opini\u00f3n p\u00fablica.<\/p>\n\n\n\n<p>\u201cEn el gremio period\u00edstico del estado de Guerrero existe la leg\u00edtima y creciente preocupaci\u00f3n por la ausencia de informaci\u00f3n respecto a la ubicaci\u00f3n de los compa\u00f1eros\u201d, anot\u00f3.<\/p>\n\n\n\n<p>Y plantean: \u201cExigimos a las autoridades correspondientes que inicien los trabajos encaminados a establecer la localizaci\u00f3n de Jes\u00fas Pintor, Fernando y Alan, en atenci\u00f3n a las responsabilidades que les imponen la Constituci\u00f3n General de la Rep\u00fablica y la Constituci\u00f3n Pol\u00edtica del Estado\u201d.<\/p>\n\n\n\n<p>Se agrega que Guerrero es una de las entidades consideradas de mayor riesgo para ejercer el periodismo; pues de acuerdo con registros de la delegaci\u00f3n 17 del Sindicato Nacional de Redactores de la Prensa (SNRP), en los \u00faltimos 20 a\u00f1os han sido asesinados al menos 21 periodistas, adem\u00e1s hay desplazamiento forzado de compa\u00f1eros en las regiones Norte, Costa Grande, Tierra Caliente y en la Monta\u00f1a.<\/p>\n\n\n\n<p>El documento es firmado por reporteros de las siete regiones del estado.<\/p>\n\n\n\n<p>El mediod\u00eda de este martes 10 de enero, el documento fue entregado en la delegaci\u00f3n estatal de la Fiscal\u00eda General de Rep\u00fablica (FGR).<\/p>\n\n\n\n<p>El mismo d\u00eda, la Comisi\u00f3n de Derechos Humanos de Guerrero emiti\u00f3 un posisionamiento al respecto, sum\u00e1ndose al reclamo de que el reportero y los creadores del portal Escenario Calentano sean liberados cuanto antes.<\/p>\n","protected":false},"excerpt":{"rendered":"<p>&#8212; En carta dirigida al presidente de la Rep\u00fablica y la gobernadora Evelyn Salgado Pineda Rogelio Agust\u00edn Comunicadores de diferentes regiones solicitaron al Gobierno de Guerrero y la Federaci\u00f3n, que&hellip; <\/p>\n","protected":false},"author":21,"featured_media":55716,"comment_status":"open","ping_status":"open","sticky":false,"template":"","format":"standard","meta":{"fifu_image_url":"","fifu_image_alt":"","footnotes":""},"categories":[29],"tags":[],"class_list":["post-55715","post","type-post","status-publish","format-standard","has-post-thumbnail","hentry","category-sociedad"],"_links":{"self":[{"href":"https:\/\/www.interaccionnoticias.com.mx\/index.php?rest_route=\/wp\/v2\/posts\/55715","targetHints":{"allow":["GET"]}}],"collection":[{"href":"https:\/\/www.interaccionnoticias.com.mx\/index.php?rest_route=\/wp\/v2\/posts"}],"about":[{"href":"https:\/\/www.interaccionnoticias.com.mx\/index.php?rest_route=\/wp\/v2\/types\/post"}],"author":[{"embeddable":true,"href":"https:\/\/www.interaccionnoticias.com.mx\/index.php?rest_route=\/wp\/v2\/users\/21"}],"replies":[{"embeddable":true,"href":"https:\/\/www.interaccionnoticias.com.mx\/index.php?rest_route=%2Fwp%2Fv2%2Fcomments&post=55715"}],"version-history":[{"count":1,"href":"https:\/\/www.interaccionnoticias.com.mx\/index.php?rest_route=\/wp\/v2\/posts\/55715\/revisions"}],"predecessor-version":[{"id":55717,"href":"https:\/\/www.interaccionnoticias.com.mx\/index.php?rest_route=\/wp\/v2\/posts\/55715\/revisions\/55717"}],"wp:featuredmedia":[{"embeddable":true,"href":"https:\/\/www.interaccionnoticias.com.mx\/index.php?rest_route=\/wp\/v2\/media\/55716"}],"wp:attachment":[{"href":"https:\/\/www.interaccionnoticias.com.mx\/index.php?rest_route=%2Fwp%2Fv2%2Fmedia&parent=55715"}],"wp:term":[{"taxonomy":"category","embeddable":true,"href":"https:\/\/www.interaccionnoticias.com.mx\/index.php?rest_route=%2Fwp%2Fv2%2Fcategories&post=55715"},{"taxonomy":"post_tag","embeddable":true,"href":"https:\/\/www.interaccionnoticias.com.mx\/index.php?rest_route=%2Fwp%2Fv2%2Ftags&post=55715"}],"curies":[{"name":"wp","href":"https:\/\/api.w.org\/{rel}","templated":true}]}}