{"id":55712,"date":"2023-01-10T14:48:52","date_gmt":"2023-01-10T20:48:52","guid":{"rendered":"https:\/\/interaccionnoticias.com.mx\/?p=55712"},"modified":"2023-01-10T15:15:31","modified_gmt":"2023-01-10T21:15:31","slug":"esposa-e-hijos-se-suman-a-la-huelga-de-hambre-de-ex-trabajador-de-proteccion-civil","status":"publish","type":"post","link":"https:\/\/www.interaccionnoticias.com.mx\/?p=55712","title":{"rendered":"Esposa e hijos se suman a la huelga de hambre de ex trabajador de Protecci\u00f3n Civil"},"content":{"rendered":"\n<p><strong><em>&#8212; Ya me canse de tocar puertas por eso mi familia y yo seguimos en huelga de hambre<\/em><\/strong><\/p>\n\n\n\n<p><strong>Jes\u00fas Dorantes<\/strong><\/p>\n\n\n\n<p>Chilpancingo, Gro.- A 24 horas de iniciar su huelga de hambre, Jos\u00e9 Isabel Piza Maga\u00f1a asegura que no tiene ninguna repuesta del gobierno, adem\u00e1s de confirmar que su esposa e hijos se sumaron a la protesta que consiste en dejar de ingerir alimentos.<\/p>\n\n\n\n<p>La jornada del martes la protesta que inici\u00f3 24 horas antes en la entrada principal del Recinto del Poder Ejecutivo continuo la protesta del ex trabajador de la Secretar\u00eda de Seguridad P\u00fablica y Protecci\u00f3n Civil que desde el 2016 fue despedido de manera injustificada.<\/p>\n\n\n\n<p>Durante su segundo d\u00eda de protesta Jos\u00e9 Isabel Piza Maga\u00f1a asegur\u00f3 estar cansado de tocar puertas, por lo que sus hijos y esposa se sumaron a la huelga de hambre para exigir repuesta a su caso.<\/p>\n\n\n\n<p>A lo largo del primer d\u00eda de su manifestaci\u00f3n el ex coordinador de la regi\u00f3n sierra asegur\u00f3 que ning\u00fan autoridad acudi\u00f3 a dialogar con el, adem\u00e1s de que tampoco acudi\u00f3 la Comisi\u00f3n de Derechos Humanos del Estado tras anunciar su huelga de hambre.<\/p>\n\n\n\n<p>Cuestionado sobre las pruebas de que se cobro en su nombre Piza Maga\u00f1a refiri\u00f3 que hasta la administraci\u00f3n anterior su expediente exist\u00eda, pero que durante la nueva administraci\u00f3n ya no existe en el sistema por lo que reitero su llamado al gobierno estatal para atender sus demandas.<\/p>\n","protected":false},"excerpt":{"rendered":"<p>&#8212; Ya me canse de tocar puertas por eso mi familia y yo seguimos en huelga de hambre Jes\u00fas Dorantes Chilpancingo, Gro.- A 24 horas de iniciar su huelga de&hellip; <\/p>\n","protected":false},"author":8,"featured_media":55724,"comment_status":"open","ping_status":"open","sticky":false,"template":"","format":"standard","meta":{"fifu_image_url":"","fifu_image_alt":"","footnotes":""},"categories":[29],"tags":[],"class_list":["post-55712","post","type-post","status-publish","format-standard","has-post-thumbnail","hentry","category-sociedad"],"_links":{"self":[{"href":"https:\/\/www.interaccionnoticias.com.mx\/index.php?rest_route=\/wp\/v2\/posts\/55712","targetHints":{"allow":["GET"]}}],"collection":[{"href":"https:\/\/www.interaccionnoticias.com.mx\/index.php?rest_route=\/wp\/v2\/posts"}],"about":[{"href":"https:\/\/www.interaccionnoticias.com.mx\/index.php?rest_route=\/wp\/v2\/types\/post"}],"author":[{"embeddable":true,"href":"https:\/\/www.interaccionnoticias.com.mx\/index.php?rest_route=\/wp\/v2\/users\/8"}],"replies":[{"embeddable":true,"href":"https:\/\/www.interaccionnoticias.com.mx\/index.php?rest_route=%2Fwp%2Fv2%2Fcomments&post=55712"}],"version-history":[{"count":1,"href":"https:\/\/www.interaccionnoticias.com.mx\/index.php?rest_route=\/wp\/v2\/posts\/55712\/revisions"}],"predecessor-version":[{"id":55714,"href":"https:\/\/www.interaccionnoticias.com.mx\/index.php?rest_route=\/wp\/v2\/posts\/55712\/revisions\/55714"}],"wp:featuredmedia":[{"embeddable":true,"href":"https:\/\/www.interaccionnoticias.com.mx\/index.php?rest_route=\/wp\/v2\/media\/55724"}],"wp:attachment":[{"href":"https:\/\/www.interaccionnoticias.com.mx\/index.php?rest_route=%2Fwp%2Fv2%2Fmedia&parent=55712"}],"wp:term":[{"taxonomy":"category","embeddable":true,"href":"https:\/\/www.interaccionnoticias.com.mx\/index.php?rest_route=%2Fwp%2Fv2%2Fcategories&post=55712"},{"taxonomy":"post_tag","embeddable":true,"href":"https:\/\/www.interaccionnoticias.com.mx\/index.php?rest_route=%2Fwp%2Fv2%2Ftags&post=55712"}],"curies":[{"name":"wp","href":"https:\/\/api.w.org\/{rel}","templated":true}]}}