{"id":55709,"date":"2023-01-10T14:43:33","date_gmt":"2023-01-10T20:43:33","guid":{"rendered":"https:\/\/interaccionnoticias.com.mx\/?p=55709"},"modified":"2023-01-10T14:43:38","modified_gmt":"2023-01-10T20:43:38","slug":"asesinan-a-comerciante-en-el-centro-de-iguala","status":"publish","type":"post","link":"https:\/\/www.interaccionnoticias.com.mx\/?p=55709","title":{"rendered":"Asesinan a comerciante en el centro de Iguala"},"content":{"rendered":"\n<p><strong><em>&#8212; No hay detenidos por el crimen<\/em><\/strong><\/p>\n\n\n\n<p><strong>Jes\u00fas Dorantes<\/strong><\/p>\n\n\n\n<p><strong>Chilpancingo, Gro.- <\/strong>Un comerciante originario del municipio de Teloloapan fue asesinando a tiros frente al mercado municipal de Iguala, en la regi\u00f3n norte de Guerrero.<\/p>\n\n\n\n<p>La ma\u00f1ana del martes 10 de enero, Carlos \u201cN\u201d de 49 a\u00f1os acudi\u00f3 al mercado Adri\u00e1n Castrej\u00f3n del referido municipio, con la intenci\u00f3n de realizar sus compras en compa\u00f1\u00eda de un familiar.<\/p>\n\n\n\n<p>Al caminar por la calle Galena, sujetos armados dispararon en su contra.<\/p>\n\n\n\n<p>Tras disparar en contra de la v\u00edctima, los agresres escaparon del lugar, mientras que la persona que acompa\u00f1a al occiso intent\u00f3 ayudarlo pero perdi\u00f3 la vida tras los disparos que recibi\u00f3.<\/p>\n\n\n\n<p>Al lugar acudieron elementos de la Fiscal\u00eda General del Estado (FGE), quienes acordonaron la zona y realizaron la diligencias de ley, posteriormente el cad\u00e1ver fue trasladado a las instalaciones del Servicio M\u00e9dico Forense (SEMEFO).<\/p>\n","protected":false},"excerpt":{"rendered":"<p>&#8212; No hay detenidos por el crimen Jes\u00fas Dorantes Chilpancingo, Gro.- Un comerciante originario del municipio de Teloloapan fue asesinando a tiros frente al mercado municipal de Iguala, en la&hellip; <\/p>\n","protected":false},"author":8,"featured_media":55710,"comment_status":"open","ping_status":"open","sticky":false,"template":"","format":"standard","meta":{"fifu_image_url":"","fifu_image_alt":"","footnotes":""},"categories":[27],"tags":[],"class_list":["post-55709","post","type-post","status-publish","format-standard","has-post-thumbnail","hentry","category-seguridad-publica"],"_links":{"self":[{"href":"https:\/\/www.interaccionnoticias.com.mx\/index.php?rest_route=\/wp\/v2\/posts\/55709","targetHints":{"allow":["GET"]}}],"collection":[{"href":"https:\/\/www.interaccionnoticias.com.mx\/index.php?rest_route=\/wp\/v2\/posts"}],"about":[{"href":"https:\/\/www.interaccionnoticias.com.mx\/index.php?rest_route=\/wp\/v2\/types\/post"}],"author":[{"embeddable":true,"href":"https:\/\/www.interaccionnoticias.com.mx\/index.php?rest_route=\/wp\/v2\/users\/8"}],"replies":[{"embeddable":true,"href":"https:\/\/www.interaccionnoticias.com.mx\/index.php?rest_route=%2Fwp%2Fv2%2Fcomments&post=55709"}],"version-history":[{"count":1,"href":"https:\/\/www.interaccionnoticias.com.mx\/index.php?rest_route=\/wp\/v2\/posts\/55709\/revisions"}],"predecessor-version":[{"id":55711,"href":"https:\/\/www.interaccionnoticias.com.mx\/index.php?rest_route=\/wp\/v2\/posts\/55709\/revisions\/55711"}],"wp:featuredmedia":[{"embeddable":true,"href":"https:\/\/www.interaccionnoticias.com.mx\/index.php?rest_route=\/wp\/v2\/media\/55710"}],"wp:attachment":[{"href":"https:\/\/www.interaccionnoticias.com.mx\/index.php?rest_route=%2Fwp%2Fv2%2Fmedia&parent=55709"}],"wp:term":[{"taxonomy":"category","embeddable":true,"href":"https:\/\/www.interaccionnoticias.com.mx\/index.php?rest_route=%2Fwp%2Fv2%2Fcategories&post=55709"},{"taxonomy":"post_tag","embeddable":true,"href":"https:\/\/www.interaccionnoticias.com.mx\/index.php?rest_route=%2Fwp%2Fv2%2Ftags&post=55709"}],"curies":[{"name":"wp","href":"https:\/\/api.w.org\/{rel}","templated":true}]}}