{"id":55704,"date":"2023-01-09T20:32:50","date_gmt":"2023-01-10T02:32:50","guid":{"rendered":"https:\/\/interaccionnoticias.com.mx\/?p=55704"},"modified":"2023-01-09T20:32:56","modified_gmt":"2023-01-10T02:32:56","slug":"no-aparecen-tres-periodistas-desde-el-27-de-diciembre-en-la-tierra-caliente","status":"publish","type":"post","link":"https:\/\/www.interaccionnoticias.com.mx\/?p=55704","title":{"rendered":"No aparecen, tres periodistas desde el 27 de diciembre en la Tierra Caliente"},"content":{"rendered":"\n<p><strong><em>&#8212; Supuesto grupo delictivo exhibe a dos de ellos en su propia fan page<\/em><\/strong><\/p>\n\n\n\n<p><strong>Redacci\u00f3n<\/strong><\/p>\n\n\n\n<p>Desde el 27 de diciembre, tres periodistas de la Tierra Caliente no se ha. reportado con sus familias, de ellos, dos fueron exhibidos en un video, encadenados y reconociendo haber realizado publicaciones en contra de diferentes personas de la regi\u00f3n.<\/p>\n\n\n\n<p>Hasta el momento, ninguna autoridad ha recibido alguna denuncia relacionada con la no localizaci\u00f3n de los tres comunicadores; Fernando Moreno Villagas, Alan Garc\u00eda Aguilar y Jes\u00fas Pintor Alegre.<\/p>\n\n\n\n<p>La ausencia de los reporteros se tiene registrada desde el 27 de diciembre, pero fue este fin de semana, cuando Fernando Moreno y Alan Garc\u00eda fueron exhibidos en un video de 41 segundos, el cual se colg\u00f3 en la misma p\u00e1gina que administraban.<\/p>\n\n\n\n<p>En el video, Fernando y Alan aparecen descalzos, uno est\u00e1 sentado en una silla y el otro en una cubeta de pl\u00e1stico.<\/p>\n\n\n\n<p>Est\u00e1n amarrados de pies y manos con cadenas, tras identificarse explican la raz\u00f3n por la que fueron privados de la libertad.<\/p>\n\n\n\n<p>\u201cNosotros somos parte del equipo Escenario Calentano, estamos aqu\u00ed pagando las consecuencias de las publicaciones que se realizaban en contra de estas personas de la regi\u00f3n de la Tierra Caliente del estado de M\u00e9xico, Michoac\u00e1n y Guerrero\u201d, se\u00f1ala Fernando de manera inicial.<\/p>\n\n\n\n<p>Alan cierra el clip con una precisi\u00f3n: \u201cEscenario Calentano se cre\u00f3 hace cinco a\u00f1os, yo fui el que cre\u00f3 la p\u00e1gina hace cinco a\u00f1os\u201d.<\/p>\n\n\n\n<p>El video fue colgado en la p\u00e1gina de Facebook que los comunicadores administraban.<\/p>\n\n\n\n<p>Del que no se tiene informaci\u00f3n, es de Jes\u00fas Pintor Alegre, reportero local, que durante varios a\u00f1os radic\u00f3 en Chilpancingo y fue reportero de La Jornada Guerrero.<\/p>\n\n\n\n<p>En el caso de Pintor Alegre, se se\u00f1ala que no suele cubrir informaci\u00f3n de tipo policiaco y tiene una fuerte inclinaci\u00f3n hacia la poes\u00eda y el periodismo cultural.<\/p>\n\n\n\n<p>Escenario Calentano es una p\u00e1gina de Facebook en la que se difunde informaci\u00f3n de la regi\u00f3n, pero principalmente se ataca a La Familia Michoacana (FM).<\/p>\n\n\n\n<p>En la justificaci\u00f3n del video, los captores de Fernando y Alan redactaron tres l\u00edneas, en ellas se\u00f1alan: \u201cPara que vean que tarde o temprano damos con los cu\u2026.eros y para que vean que es cierto, vamos a publicar desde su p\u00e1gina el video\u201d.<\/p>\n\n\n\n<figure class=\"wp-block-video\"><video height=\"1280\" style=\"aspect-ratio: 720 \/ 1280;\" width=\"720\" controls src=\"https:\/\/interaccionnoticias.com.mx\/wp-content\/uploads\/2023\/01\/230109-Tierra-Caliente.mp4\"><\/video><\/figure>\n","protected":false},"excerpt":{"rendered":"<p>&#8212; Supuesto grupo delictivo exhibe a dos de ellos en su propia fan page Redacci\u00f3n Desde el 27 de diciembre, tres periodistas de la Tierra Caliente no se ha. reportado&hellip; <\/p>\n","protected":false},"author":19,"featured_media":55706,"comment_status":"open","ping_status":"open","sticky":false,"template":"","format":"standard","meta":{"fifu_image_url":"","fifu_image_alt":"","footnotes":""},"categories":[27],"tags":[],"class_list":["post-55704","post","type-post","status-publish","format-standard","has-post-thumbnail","hentry","category-seguridad-publica"],"_links":{"self":[{"href":"https:\/\/www.interaccionnoticias.com.mx\/index.php?rest_route=\/wp\/v2\/posts\/55704","targetHints":{"allow":["GET"]}}],"collection":[{"href":"https:\/\/www.interaccionnoticias.com.mx\/index.php?rest_route=\/wp\/v2\/posts"}],"about":[{"href":"https:\/\/www.interaccionnoticias.com.mx\/index.php?rest_route=\/wp\/v2\/types\/post"}],"author":[{"embeddable":true,"href":"https:\/\/www.interaccionnoticias.com.mx\/index.php?rest_route=\/wp\/v2\/users\/19"}],"replies":[{"embeddable":true,"href":"https:\/\/www.interaccionnoticias.com.mx\/index.php?rest_route=%2Fwp%2Fv2%2Fcomments&post=55704"}],"version-history":[{"count":1,"href":"https:\/\/www.interaccionnoticias.com.mx\/index.php?rest_route=\/wp\/v2\/posts\/55704\/revisions"}],"predecessor-version":[{"id":55708,"href":"https:\/\/www.interaccionnoticias.com.mx\/index.php?rest_route=\/wp\/v2\/posts\/55704\/revisions\/55708"}],"wp:featuredmedia":[{"embeddable":true,"href":"https:\/\/www.interaccionnoticias.com.mx\/index.php?rest_route=\/wp\/v2\/media\/55706"}],"wp:attachment":[{"href":"https:\/\/www.interaccionnoticias.com.mx\/index.php?rest_route=%2Fwp%2Fv2%2Fmedia&parent=55704"}],"wp:term":[{"taxonomy":"category","embeddable":true,"href":"https:\/\/www.interaccionnoticias.com.mx\/index.php?rest_route=%2Fwp%2Fv2%2Fcategories&post=55704"},{"taxonomy":"post_tag","embeddable":true,"href":"https:\/\/www.interaccionnoticias.com.mx\/index.php?rest_route=%2Fwp%2Fv2%2Ftags&post=55704"}],"curies":[{"name":"wp","href":"https:\/\/api.w.org\/{rel}","templated":true}]}}