{"id":5570,"date":"2017-06-20T19:26:52","date_gmt":"2017-06-21T00:26:52","guid":{"rendered":"http:\/\/www.inter-accion.com.mx\/?p=5570"},"modified":"2017-06-20T19:26:52","modified_gmt":"2017-06-21T00:26:52","slug":"llama-el-congreso-a-comparecer-al-fiscal-de-guerrero","status":"publish","type":"post","link":"https:\/\/www.interaccionnoticias.com.mx\/?p=5570","title":{"rendered":"Llama el Congreso a comparecer al fiscal de Guerrero"},"content":{"rendered":"<p><strong>Cr\u00edmenes contra pol\u00edticos, periodistas y el caso de \u201cEl Tequilero\u201d, entre los asuntos a tratar<\/strong><br \/>\nPor unanimidad, el Pleno del Congreso local cit\u00f3 a comparecer al titular de la Fiscal\u00eda General del Estado (FGE) Xavier Olea Pel\u00e1ez, para efecto de que informe sobre las pol\u00edticas p\u00fablicas, acciones y estrategias que ha implementado al frente de la dependencia, adem\u00e1s de que exponga los resultados que ha obtenido desde que asumi\u00f3 el cargo.<br \/>\nEn segunda sesi\u00f3n ordinaria llevada a cabo la jornada del martes 20 de junio, el \u00fanico punto a tratar fue la comparecencia del Olea Pel\u00e1ez.<br \/>\nLa Junta de Coordinaci\u00f3n Pol\u00edtica, presidida por la diputada priista Flor A\u00f1orve Ocampo present\u00f3 el dictamen que unifica las propuestas hechas por las fracciones del Movimiento Ciudadano (MC), del PRD y del PT.<br \/>\n&nbsp;\u201cEl proyecto que se presenta contempla que la comparecencia se realice ante la Comisi\u00f3n de Justicia, con la participaci\u00f3n de diputadas y diputados de todos los grupos y representaciones parlamentarias. En total ser\u00e1n 17 diputados los contemplados\u201d, puntualiz\u00f3 Ignacio Cueva Ru\u00edz, coordinador del PVEM durante la exposici\u00f3n de motivos.&nbsp;<br \/>\nEl punto de acuerdo especifica que Olea comparecer\u00e1 en la sala legislativa Jos\u00e9 Francisco Ru\u00edz Massieu, a las 10 de la ma\u00f1ana del pr\u00f3ximo lunes 26 de junio.<br \/>\nEl abogado tendr\u00e1 20 minutos para exponer un resumen del informe de temas solicitados, luego sostendr\u00e1 cinco rondas de preguntas y respuestas con los legisladores participantes.&nbsp;<br \/>\nLa intervenci\u00f3n &nbsp;por partidos ser\u00e1 de acuerdo al n\u00famero de diputados por fracci\u00f3n. En la primera ronda de preguntas participar\u00e1n siete diputados; uno de MORENA, uno del PAN, uno del PT, uno de MC, uno del PVEM, uno del PRD y uno del PRI.&nbsp;<br \/>\nEn la segunda ronda participar\u00e1n cuatro diputados: uno de MC, uno del PVEM, uno del PRD y uno del PRI; en la tercera ronda participar\u00e1n tres diputados: uno del PVEM, uno del PRD y uno del PRI, en la cuarta ronda participar\u00e1n dos diputados: uno del PRD y uno del PRI, y en la quinta ronda participar\u00e1 un diputado del PRI.<br \/>\n<strong>Del informe previo<\/strong><br \/>\nPrevio a la comparecencia, los diputados solicitaron que Olea Pel\u00e1ez les haga llegar un informe, a m\u00e1s tardar el 22 de junio, en el que se especifique el n\u00famero de Personal operativo, su distribuci\u00f3n, funciones y salario, adem\u00e1s de cu\u00e1nto personal est\u00e1 certificado.<br \/>\nDebe exponer la capacidad y operatividad de los servicios periciales, las estad\u00edsticas mensuales, a partir de la fecha de su nombramiento, con el delito y el estado que guarda la carpeta de investigaci\u00f3n o averiguaci\u00f3n previa, seg\u00fan sea el caso.&nbsp;<br \/>\nTambi\u00e9n debe anotar las \u00f3rdenes de aprehensi\u00f3n solicitadas y concedidas, la correlaci\u00f3n de \u00f3rdenes de aprehensi\u00f3n ejecutadas con las averiguaciones previas o carpetas de investigaci\u00f3n iniciadas a partir de que inici\u00f3 su funci\u00f3n.<br \/>\n&nbsp;Tambi\u00e9n deber\u00e1 entregar la &nbsp;estad\u00edstica mensual, a partir de la fecha de su nombramiento, con el delito y el estado que guardan las investigaciones relacionadas con asesinatos y agresiones en contra de periodistas, diputados, ex diputados, presidentes municipales, ex presidentes municipales y l\u00edderes o dirigentes pol\u00edticos.<br \/>\nAs\u00ed mismo, la situaci\u00f3n que guarda el caso del diputado con licencia, Sa\u00fal Beltr\u00e1n Orozco, a quien el Fiscal acus\u00f3 de ser l\u00edder del grupo delincuencial \u201cLos tequileros\u201d, grupo delictivo que la madrugada del lunes 19 de junio embosc\u00f3 a personal de la Agencia de Investigaci\u00f3n Criminal (AIC) de la Procuradur\u00eda General de la Rep\u00fablica (PGR), en donde mataron a cuatro oficiales.&nbsp;<br \/>\nOtro de los puntos que el Olea Pel\u00e1ez deber\u00e1 entregar en su informe es respecto a las medidas cautelares brindadas a las v\u00edctimas del delito: cuantas personas la tienen, por qu\u00e9 delito, la situaci\u00f3n que guarda la medida, y la erogaci\u00f3n presupuestaria de cada una.<br \/>\nAs\u00ed como las diligencias practicadas a ra\u00edz de la implementaci\u00f3n de la alerta de g\u00e9nero en el estado, espec\u00edficamente lo relativo al banco de datos respecto a mujeres agredidas, y qu\u00e9 pol\u00edticas p\u00fablicas se han implementado y con qu\u00e9 eficacia, para que haya confianza en la Fiscal\u00eda General del Estado.<br \/>\n\u201cEn este momento es ya indispensable conocer la situaci\u00f3n actual que guarda el Sistema Penal Acusatorio y la procuraci\u00f3n de justicia en el Estado, con la finalidad de coadyuvar en el dise\u00f1o de pol\u00edticas y estrategias inmediatas que permitan abatir de manera efectiva la ola delictiva que nos flagela, as\u00ed como dar respuesta pronta al justificado reclamo de la poblaci\u00f3n\u201d, puntualiz\u00f3 la diputada Rossana Agraz Ulloa durante la lectura del dictamen aprobado.<br \/>\n&nbsp;<\/p>\n","protected":false},"excerpt":{"rendered":"<p>Cr\u00edmenes contra pol\u00edticos, periodistas y el caso de \u201cEl Tequilero\u201d, entre los asuntos a tratar Por unanimidad, el Pleno del Congreso local cit\u00f3 a comparecer al titular de la Fiscal\u00eda&hellip; <\/p>\n","protected":false},"author":1,"featured_media":0,"comment_status":"closed","ping_status":"closed","sticky":false,"template":"","format":"standard","meta":{"fifu_image_url":"","fifu_image_alt":"","footnotes":""},"categories":[2,8],"tags":[],"class_list":["post-5570","post","type-post","status-publish","format-standard","hentry","category-congreso","category-featured"],"_links":{"self":[{"href":"https:\/\/www.interaccionnoticias.com.mx\/index.php?rest_route=\/wp\/v2\/posts\/5570","targetHints":{"allow":["GET"]}}],"collection":[{"href":"https:\/\/www.interaccionnoticias.com.mx\/index.php?rest_route=\/wp\/v2\/posts"}],"about":[{"href":"https:\/\/www.interaccionnoticias.com.mx\/index.php?rest_route=\/wp\/v2\/types\/post"}],"author":[{"embeddable":true,"href":"https:\/\/www.interaccionnoticias.com.mx\/index.php?rest_route=\/wp\/v2\/users\/1"}],"replies":[{"embeddable":true,"href":"https:\/\/www.interaccionnoticias.com.mx\/index.php?rest_route=%2Fwp%2Fv2%2Fcomments&post=5570"}],"version-history":[{"count":0,"href":"https:\/\/www.interaccionnoticias.com.mx\/index.php?rest_route=\/wp\/v2\/posts\/5570\/revisions"}],"wp:attachment":[{"href":"https:\/\/www.interaccionnoticias.com.mx\/index.php?rest_route=%2Fwp%2Fv2%2Fmedia&parent=5570"}],"wp:term":[{"taxonomy":"category","embeddable":true,"href":"https:\/\/www.interaccionnoticias.com.mx\/index.php?rest_route=%2Fwp%2Fv2%2Fcategories&post=5570"},{"taxonomy":"post_tag","embeddable":true,"href":"https:\/\/www.interaccionnoticias.com.mx\/index.php?rest_route=%2Fwp%2Fv2%2Ftags&post=5570"}],"curies":[{"name":"wp","href":"https:\/\/api.w.org\/{rel}","templated":true}]}}