{"id":55688,"date":"2023-01-09T14:07:33","date_gmt":"2023-01-09T20:07:33","guid":{"rendered":"https:\/\/interaccionnoticias.com.mx\/?p=55688"},"modified":"2023-01-09T14:07:38","modified_gmt":"2023-01-09T20:07:38","slug":"a-finales-de-enero-la-rendicion-de-cuentas-sobre-la-feria-de-chilpancingo","status":"publish","type":"post","link":"https:\/\/www.interaccionnoticias.com.mx\/?p=55688","title":{"rendered":"A finales de enero, la rendici\u00f3n de cuentas sobre la Feria de Chilpancingo"},"content":{"rendered":"\n<p><strong>Jes\u00fas Dorantes<\/strong><\/p>\n\n\n\n<p><strong>Chilpancingo, Gro.- <\/strong>La administraci\u00f3n del Ayuntamiento capitalino rendir\u00e1 cuentas sobre la Feria de San Mateo, Navidad y A\u00f1o Nuevo hasta la tercera semana del mes de enero, anticip\u00f3 la alcaldesa Norma Otilia Hern\u00e1ndez Mart\u00ednez, quien destac\u00f3 que esta es la primera vez que se trata al evento como un tema tur\u00edstico.<\/p>\n\n\n\n<p>Durante la rueda de prensa matutina de cada lunes, la primer edil de Chilpancingo inform\u00f3 que no exist\u00eda todav\u00eda una evaluaci\u00f3n sobre la derrama econ\u00f3mica que dej\u00f3 el evento m\u00e1s grande de el fin de a\u00f1o en la ciudad, por lo que ser\u00eda hasta la tercer semana del presente mes que se har\u00eda p\u00fablica dicho dato.<\/p>\n\n\n\n<p>Hern\u00e1ndez Mart\u00ednez asegur\u00f3 que no existe un recuento r\u00e1pido debido a que es la primera vez que se tom\u00f3 a la capital como un ente tur\u00edstico, por lo que su administraci\u00f3n mantiene pl\u00e1ticas con la gobernadora Evelyn Salgado Pineda, para implementar una estrategia tur\u00edstica en la capital.<\/p>\n\n\n\n<p>A pregunta expresa sobre los tres millones de pesos que invirti\u00f3 el gobierno del Estado en la Feria capitalina, asegur\u00f3 que no se tiene a\u00fan el dato, debido a que la semana que comienza todav\u00eda operan negocios al interior del recinto Ferial.<\/p>\n\n\n\n<p>Sin embargo, adelanto que no ser\u00e1 como en otras ocasiones una inversi\u00f3n a fondo perdido.<\/p>\n","protected":false},"excerpt":{"rendered":"<p>Jes\u00fas Dorantes Chilpancingo, Gro.- La administraci\u00f3n del Ayuntamiento capitalino rendir\u00e1 cuentas sobre la Feria de San Mateo, Navidad y A\u00f1o Nuevo hasta la tercera semana del mes de enero, anticip\u00f3&hellip; <\/p>\n","protected":false},"author":8,"featured_media":55689,"comment_status":"open","ping_status":"open","sticky":false,"template":"","format":"standard","meta":{"fifu_image_url":"","fifu_image_alt":"","footnotes":""},"categories":[13],"tags":[],"class_list":["post-55688","post","type-post","status-publish","format-standard","has-post-thumbnail","hentry","category-capital"],"_links":{"self":[{"href":"https:\/\/www.interaccionnoticias.com.mx\/index.php?rest_route=\/wp\/v2\/posts\/55688","targetHints":{"allow":["GET"]}}],"collection":[{"href":"https:\/\/www.interaccionnoticias.com.mx\/index.php?rest_route=\/wp\/v2\/posts"}],"about":[{"href":"https:\/\/www.interaccionnoticias.com.mx\/index.php?rest_route=\/wp\/v2\/types\/post"}],"author":[{"embeddable":true,"href":"https:\/\/www.interaccionnoticias.com.mx\/index.php?rest_route=\/wp\/v2\/users\/8"}],"replies":[{"embeddable":true,"href":"https:\/\/www.interaccionnoticias.com.mx\/index.php?rest_route=%2Fwp%2Fv2%2Fcomments&post=55688"}],"version-history":[{"count":1,"href":"https:\/\/www.interaccionnoticias.com.mx\/index.php?rest_route=\/wp\/v2\/posts\/55688\/revisions"}],"predecessor-version":[{"id":55690,"href":"https:\/\/www.interaccionnoticias.com.mx\/index.php?rest_route=\/wp\/v2\/posts\/55688\/revisions\/55690"}],"wp:featuredmedia":[{"embeddable":true,"href":"https:\/\/www.interaccionnoticias.com.mx\/index.php?rest_route=\/wp\/v2\/media\/55689"}],"wp:attachment":[{"href":"https:\/\/www.interaccionnoticias.com.mx\/index.php?rest_route=%2Fwp%2Fv2%2Fmedia&parent=55688"}],"wp:term":[{"taxonomy":"category","embeddable":true,"href":"https:\/\/www.interaccionnoticias.com.mx\/index.php?rest_route=%2Fwp%2Fv2%2Fcategories&post=55688"},{"taxonomy":"post_tag","embeddable":true,"href":"https:\/\/www.interaccionnoticias.com.mx\/index.php?rest_route=%2Fwp%2Fv2%2Ftags&post=55688"}],"curies":[{"name":"wp","href":"https:\/\/api.w.org\/{rel}","templated":true}]}}