{"id":55685,"date":"2023-01-09T14:04:28","date_gmt":"2023-01-09T20:04:28","guid":{"rendered":"https:\/\/interaccionnoticias.com.mx\/?p=55685"},"modified":"2023-01-09T14:04:33","modified_gmt":"2023-01-09T20:04:33","slug":"descartan-nuevo-refuerzo-en-materia-de-seguridad-para-chilpancingo","status":"publish","type":"post","link":"https:\/\/www.interaccionnoticias.com.mx\/?p=55685","title":{"rendered":"Descartan nuevo refuerzo en materia de seguridad para Chilpancingo"},"content":{"rendered":"\n<p><strong><em>&#8212; Pese a la violencia del fin de semana<\/em><\/strong><\/p>\n\n\n\n<p><strong>Jes\u00fas Dorantes<\/strong><\/p>\n\n\n\n<p><strong>Chilpancingo, Gro.-<\/strong> Durante el presente mes mes no se tiene considerada la llegada de refuerzos por parte de la federaci\u00f3n, pese a los hechos de violencia registrados la semana pasada.<\/p>\n\n\n\n<p>Martha Isela V\u00e1zquez, titular de la Secretar\u00eda de Seguridad P\u00fablica Municipal (SSPM) confirm\u00f3 que por el momento, solo permanecer\u00e1n los 50 elementos de la Marina Armada de M\u00e9xico que llegaron en diciembre pasado.<\/p>\n\n\n\n<p>Durante los primeros d\u00edas de 2023, tres hombre fueron asesinados en Chilpancingo, adem\u00e1s de que se report\u00f3 la desaparici\u00f3n del ch\u00f3fer de un taxi que fue localizado sin vida en el municipio vecino de Eduardo Neri.<\/p>\n\n\n\n<p>Cuestionada sobre el tema, la titular de Seguridad P\u00fablica en la capital del estado, refiri\u00f3 que \u201cEl tema de inseguridad es un tema d\u00f3nde hay altas y bajas, en comparaci\u00f3n con meses anteriores hemos estado manteniendo esta incidencia\u00bb, adem\u00e1s, destac\u00f3 que la violencia no es un tema exclusivo de Chilpancingo.<\/p>\n\n\n\n<p>En lo que corresponde a la llegada de m\u00e1s elementos de corporaciones federales, asegur\u00f3 que es algo que todav\u00eda no se tiene contemplado, pues solo se considera el refuerzo de los 50 elementos de la Marina Armada de M\u00e9xico que llegaron en diciembre, que contin\u00faan realizando labores de seguridad en apoyo a la polic\u00eda municipal.<\/p>\n\n\n\n<p>La decisi\u00f3n de enviar elementos de corporaciones de orden federal no corre a cargo del Ayuntamiento, asegur\u00f3 la titular de seguridad, por lo que no existe ning\u00fan planteamiento para la capital, adem\u00e1s destac\u00f3 que debido a los hechos ocurridos en otros estados, el Gobierno Federal a colocado mayor atenci\u00f3n d\u00f3nde es necesario.<\/p>\n\n\n\n<p>En su intervenci\u00f3n la alcaldesa Norma Otilia Hern\u00e1ndez Mart\u00ednez asegur\u00f3 que \u201chicieron lo propio\u201d en cuesti\u00f3n de seguridad, por lo que se contin\u00faa certificando a los nuevos elementos de la polic\u00eda preventiva, para crear una fuerza de proximidad, ya que en comparaci\u00f3n con administraciones anteriores solo se registraban bajas en la Polic\u00eda Municipal y no contrataciones.<\/p>\n","protected":false},"excerpt":{"rendered":"<p>&#8212; Pese a la violencia del fin de semana Jes\u00fas Dorantes Chilpancingo, Gro.- Durante el presente mes mes no se tiene considerada la llegada de refuerzos por parte de la&hellip; <\/p>\n","protected":false},"author":8,"featured_media":55686,"comment_status":"open","ping_status":"open","sticky":false,"template":"","format":"standard","meta":{"fifu_image_url":"","fifu_image_alt":"","footnotes":""},"categories":[13],"tags":[],"class_list":["post-55685","post","type-post","status-publish","format-standard","has-post-thumbnail","hentry","category-capital"],"_links":{"self":[{"href":"https:\/\/www.interaccionnoticias.com.mx\/index.php?rest_route=\/wp\/v2\/posts\/55685","targetHints":{"allow":["GET"]}}],"collection":[{"href":"https:\/\/www.interaccionnoticias.com.mx\/index.php?rest_route=\/wp\/v2\/posts"}],"about":[{"href":"https:\/\/www.interaccionnoticias.com.mx\/index.php?rest_route=\/wp\/v2\/types\/post"}],"author":[{"embeddable":true,"href":"https:\/\/www.interaccionnoticias.com.mx\/index.php?rest_route=\/wp\/v2\/users\/8"}],"replies":[{"embeddable":true,"href":"https:\/\/www.interaccionnoticias.com.mx\/index.php?rest_route=%2Fwp%2Fv2%2Fcomments&post=55685"}],"version-history":[{"count":1,"href":"https:\/\/www.interaccionnoticias.com.mx\/index.php?rest_route=\/wp\/v2\/posts\/55685\/revisions"}],"predecessor-version":[{"id":55687,"href":"https:\/\/www.interaccionnoticias.com.mx\/index.php?rest_route=\/wp\/v2\/posts\/55685\/revisions\/55687"}],"wp:featuredmedia":[{"embeddable":true,"href":"https:\/\/www.interaccionnoticias.com.mx\/index.php?rest_route=\/wp\/v2\/media\/55686"}],"wp:attachment":[{"href":"https:\/\/www.interaccionnoticias.com.mx\/index.php?rest_route=%2Fwp%2Fv2%2Fmedia&parent=55685"}],"wp:term":[{"taxonomy":"category","embeddable":true,"href":"https:\/\/www.interaccionnoticias.com.mx\/index.php?rest_route=%2Fwp%2Fv2%2Fcategories&post=55685"},{"taxonomy":"post_tag","embeddable":true,"href":"https:\/\/www.interaccionnoticias.com.mx\/index.php?rest_route=%2Fwp%2Fv2%2Ftags&post=55685"}],"curies":[{"name":"wp","href":"https:\/\/api.w.org\/{rel}","templated":true}]}}