{"id":55681,"date":"2023-01-09T14:01:17","date_gmt":"2023-01-09T20:01:17","guid":{"rendered":"https:\/\/interaccionnoticias.com.mx\/?p=55681"},"modified":"2023-01-09T14:01:23","modified_gmt":"2023-01-09T20:01:23","slug":"el-gobierno-de-guerrero-entrego-49-proyectos-culturales-del-pacmyc","status":"publish","type":"post","link":"https:\/\/www.interaccionnoticias.com.mx\/?p=55681","title":{"rendered":"El Gobierno de Guerrero entreg\u00f3 49 Proyectos culturales, del PACMyC"},"content":{"rendered":"\n<p><strong>Chilpancingo, Gro., 9 de enero del 2023.- <\/strong>El Gobierno del Estado, a trav\u00e9s de la Secretar\u00eda de Cultura entreg\u00f3 recursos del Programa de Acciones Culturales Multiling\u00fces y Comunitarias (PACMyC), para 49 proyectos culturales en 30 municipios del estado.<\/p>\n\n\n\n<p>En el Palacio de Cultura en Chilpancingo, la secretaria de Cultura, A\u00edda Melina Mart\u00ednez Rebolledo dijo que estos recursos se obtuvieron gracias a las gestiones de la gobernadora, Evelyn Salgado Pineda ante el Gobierno de M\u00e9xico, la Secretar\u00eda de Cultura Federal y la Direcci\u00f3n General de Culturas Populares, Ind\u00edgenas y Urbanas.<\/p>\n\n\n\n<p>Agreg\u00f3 que con esta entrega se reconoce a grupos de ind\u00edgenas, afrodescendientes y mestizos organizados en colectivos y mayordom\u00edas que realizan acciones culturales en las diversas regiones del estado.<\/p>\n\n\n\n<p>Mart\u00ednez Rebolledo coment\u00f3 que los proyectos comunitarios son de tem\u00e1ticas de m\u00fasica popular, danzas tradicionales, arte popular, lengua, literaturas ind\u00edgenas, medicina tradicional, memoria hist\u00f3rica, cocineras tradicionales y teatro comunitario, beneficiando a 30 municipios con 550 personas, de las ocho regiones de Guerrero.<\/p>\n\n\n\n<p>En su mensaje, la funcionaria dijo que con estas acciones se garantiza el desarrollo de la cultura en Guerrero y la cultura comunitaria, mediante est\u00edmulos econ\u00f3micos de PACMyC, porque la cultura es la piedra angular del desarrollo social.<\/p>\n\n\n\n<p>Durante la entrega, se cont\u00f3 con la presencia de Jorge L\u00faa Castellanos, subdirector de Planeaci\u00f3n Institucional de la Direcci\u00f3n General de Culturas Populares Ind\u00edgenas y Urbanas de la Secretar\u00eda de Cultura Federal, Gerardo Guerrero G\u00f3mez, Jefe de la Unidad de Regional Guerrero de Culturas Populares Ind\u00edgenas y Urbanas, Celia Ram\u00edrez Mart\u00ednez.<\/p>\n\n\n\n<div class=\"wp-block-jetpack-slideshow aligncenter\" data-effect=\"slide\"><div class=\"wp-block-jetpack-slideshow_container swiper-container\"><ul class=\"wp-block-jetpack-slideshow_swiper-wrapper swiper-wrapper\"><li class=\"wp-block-jetpack-slideshow_slide swiper-slide\"><figure><img decoding=\"async\" src=\"data:image\/gif;base64,R0lGODlhAQABAIAAAAAAAP\/\/\/ywAAAAAAQABAAACAUwAOw==\" fifu-lazy=\"1\" fifu-data-sizes=\"auto\" fifu-data-srcset=\"https:\/\/i2.wp.com\/interaccionnoticias.com.mx\/wp-content\/uploads\/2023\/01\/230109-Gobierno-de-Guerrero-1-1024x683.jpg?ssl=1&w=75&resize=75&ssl=1 75w, https:\/\/i2.wp.com\/interaccionnoticias.com.mx\/wp-content\/uploads\/2023\/01\/230109-Gobierno-de-Guerrero-1-1024x683.jpg?ssl=1&w=100&resize=100&ssl=1 100w, https:\/\/i2.wp.com\/interaccionnoticias.com.mx\/wp-content\/uploads\/2023\/01\/230109-Gobierno-de-Guerrero-1-1024x683.jpg?ssl=1&w=150&resize=150&ssl=1 150w, https:\/\/i2.wp.com\/interaccionnoticias.com.mx\/wp-content\/uploads\/2023\/01\/230109-Gobierno-de-Guerrero-1-1024x683.jpg?ssl=1&w=240&resize=240&ssl=1 240w, https:\/\/i2.wp.com\/interaccionnoticias.com.mx\/wp-content\/uploads\/2023\/01\/230109-Gobierno-de-Guerrero-1-1024x683.jpg?ssl=1&w=320&resize=320&ssl=1 320w, https:\/\/i2.wp.com\/interaccionnoticias.com.mx\/wp-content\/uploads\/2023\/01\/230109-Gobierno-de-Guerrero-1-1024x683.jpg?ssl=1&w=500&resize=500&ssl=1 500w, https:\/\/i2.wp.com\/interaccionnoticias.com.mx\/wp-content\/uploads\/2023\/01\/230109-Gobierno-de-Guerrero-1-1024x683.jpg?ssl=1&w=640&resize=640&ssl=1 640w, https:\/\/i2.wp.com\/interaccionnoticias.com.mx\/wp-content\/uploads\/2023\/01\/230109-Gobierno-de-Guerrero-1-1024x683.jpg?ssl=1&w=800&resize=800&ssl=1 800w, https:\/\/i2.wp.com\/interaccionnoticias.com.mx\/wp-content\/uploads\/2023\/01\/230109-Gobierno-de-Guerrero-1-1024x683.jpg?ssl=1&w=1024&resize=1024&ssl=1 1024w, https:\/\/i2.wp.com\/interaccionnoticias.com.mx\/wp-content\/uploads\/2023\/01\/230109-Gobierno-de-Guerrero-1-1024x683.jpg?ssl=1&w=1280&resize=1280&ssl=1 1280w, https:\/\/i2.wp.com\/interaccionnoticias.com.mx\/wp-content\/uploads\/2023\/01\/230109-Gobierno-de-Guerrero-1-1024x683.jpg?ssl=1&w=1600&resize=1600&ssl=1 1600w\" alt=\"\" class=\"wp-block-jetpack-slideshow_image wp-image-55682\" data-id=\"55682\" fifu-data-src=\"https:\/\/i2.wp.com\/interaccionnoticias.com.mx\/wp-content\/uploads\/2023\/01\/230109-Gobierno-de-Guerrero-1-1024x683.jpg?ssl=1\"\/><\/figure><\/li><li class=\"wp-block-jetpack-slideshow_slide swiper-slide\"><figure><img decoding=\"async\" src=\"data:image\/gif;base64,R0lGODlhAQABAIAAAAAAAP\/\/\/ywAAAAAAQABAAACAUwAOw==\" fifu-lazy=\"1\" fifu-data-sizes=\"auto\" fifu-data-srcset=\"https:\/\/i0.wp.com\/interaccionnoticias.com.mx\/wp-content\/uploads\/2023\/01\/230109-Gobierno-de-Guerrero-2-1024x516.jpg?ssl=1&w=75&resize=75&ssl=1 75w, https:\/\/i0.wp.com\/interaccionnoticias.com.mx\/wp-content\/uploads\/2023\/01\/230109-Gobierno-de-Guerrero-2-1024x516.jpg?ssl=1&w=100&resize=100&ssl=1 100w, https:\/\/i0.wp.com\/interaccionnoticias.com.mx\/wp-content\/uploads\/2023\/01\/230109-Gobierno-de-Guerrero-2-1024x516.jpg?ssl=1&w=150&resize=150&ssl=1 150w, https:\/\/i0.wp.com\/interaccionnoticias.com.mx\/wp-content\/uploads\/2023\/01\/230109-Gobierno-de-Guerrero-2-1024x516.jpg?ssl=1&w=240&resize=240&ssl=1 240w, https:\/\/i0.wp.com\/interaccionnoticias.com.mx\/wp-content\/uploads\/2023\/01\/230109-Gobierno-de-Guerrero-2-1024x516.jpg?ssl=1&w=320&resize=320&ssl=1 320w, https:\/\/i0.wp.com\/interaccionnoticias.com.mx\/wp-content\/uploads\/2023\/01\/230109-Gobierno-de-Guerrero-2-1024x516.jpg?ssl=1&w=500&resize=500&ssl=1 500w, https:\/\/i0.wp.com\/interaccionnoticias.com.mx\/wp-content\/uploads\/2023\/01\/230109-Gobierno-de-Guerrero-2-1024x516.jpg?ssl=1&w=640&resize=640&ssl=1 640w, https:\/\/i0.wp.com\/interaccionnoticias.com.mx\/wp-content\/uploads\/2023\/01\/230109-Gobierno-de-Guerrero-2-1024x516.jpg?ssl=1&w=800&resize=800&ssl=1 800w, https:\/\/i0.wp.com\/interaccionnoticias.com.mx\/wp-content\/uploads\/2023\/01\/230109-Gobierno-de-Guerrero-2-1024x516.jpg?ssl=1&w=1024&resize=1024&ssl=1 1024w, https:\/\/i0.wp.com\/interaccionnoticias.com.mx\/wp-content\/uploads\/2023\/01\/230109-Gobierno-de-Guerrero-2-1024x516.jpg?ssl=1&w=1280&resize=1280&ssl=1 1280w, https:\/\/i0.wp.com\/interaccionnoticias.com.mx\/wp-content\/uploads\/2023\/01\/230109-Gobierno-de-Guerrero-2-1024x516.jpg?ssl=1&w=1600&resize=1600&ssl=1 1600w\" alt=\"\" class=\"wp-block-jetpack-slideshow_image wp-image-55683\" data-id=\"55683\" fifu-data-src=\"https:\/\/i0.wp.com\/interaccionnoticias.com.mx\/wp-content\/uploads\/2023\/01\/230109-Gobierno-de-Guerrero-2-1024x516.jpg?ssl=1\"\/><\/figure><\/li><\/ul><a class=\"wp-block-jetpack-slideshow_button-prev swiper-button-prev swiper-button-white\" role=\"button\"><\/a><a class=\"wp-block-jetpack-slideshow_button-next swiper-button-next swiper-button-white\" role=\"button\"><\/a><a aria-label=\"Pause Slideshow\" class=\"wp-block-jetpack-slideshow_button-pause\" role=\"button\"><\/a><div class=\"wp-block-jetpack-slideshow_pagination swiper-pagination swiper-pagination-white\"><\/div><\/div><\/div>\n","protected":false},"excerpt":{"rendered":"<p>Chilpancingo, Gro., 9 de enero del 2023.- El Gobierno del Estado, a trav\u00e9s de la Secretar\u00eda de Cultura entreg\u00f3 recursos del Programa de Acciones Culturales Multiling\u00fces y Comunitarias (PACMyC), para&hellip; <\/p>\n","protected":false},"author":19,"featured_media":55682,"comment_status":"open","ping_status":"open","sticky":false,"template":"","format":"standard","meta":{"fifu_image_url":"","fifu_image_alt":"","footnotes":""},"categories":[11],"tags":[],"class_list":["post-55681","post","type-post","status-publish","format-standard","has-post-thumbnail","hentry","category-guerrero"],"_links":{"self":[{"href":"https:\/\/www.interaccionnoticias.com.mx\/index.php?rest_route=\/wp\/v2\/posts\/55681","targetHints":{"allow":["GET"]}}],"collection":[{"href":"https:\/\/www.interaccionnoticias.com.mx\/index.php?rest_route=\/wp\/v2\/posts"}],"about":[{"href":"https:\/\/www.interaccionnoticias.com.mx\/index.php?rest_route=\/wp\/v2\/types\/post"}],"author":[{"embeddable":true,"href":"https:\/\/www.interaccionnoticias.com.mx\/index.php?rest_route=\/wp\/v2\/users\/19"}],"replies":[{"embeddable":true,"href":"https:\/\/www.interaccionnoticias.com.mx\/index.php?rest_route=%2Fwp%2Fv2%2Fcomments&post=55681"}],"version-history":[{"count":1,"href":"https:\/\/www.interaccionnoticias.com.mx\/index.php?rest_route=\/wp\/v2\/posts\/55681\/revisions"}],"predecessor-version":[{"id":55684,"href":"https:\/\/www.interaccionnoticias.com.mx\/index.php?rest_route=\/wp\/v2\/posts\/55681\/revisions\/55684"}],"wp:featuredmedia":[{"embeddable":true,"href":"https:\/\/www.interaccionnoticias.com.mx\/index.php?rest_route=\/wp\/v2\/media\/55682"}],"wp:attachment":[{"href":"https:\/\/www.interaccionnoticias.com.mx\/index.php?rest_route=%2Fwp%2Fv2%2Fmedia&parent=55681"}],"wp:term":[{"taxonomy":"category","embeddable":true,"href":"https:\/\/www.interaccionnoticias.com.mx\/index.php?rest_route=%2Fwp%2Fv2%2Fcategories&post=55681"},{"taxonomy":"post_tag","embeddable":true,"href":"https:\/\/www.interaccionnoticias.com.mx\/index.php?rest_route=%2Fwp%2Fv2%2Ftags&post=55681"}],"curies":[{"name":"wp","href":"https:\/\/api.w.org\/{rel}","templated":true}]}}