{"id":55648,"date":"2023-01-08T20:56:01","date_gmt":"2023-01-09T02:56:01","guid":{"rendered":"https:\/\/interaccionnoticias.com.mx\/?p=55648"},"modified":"2023-01-08T20:56:07","modified_gmt":"2023-01-09T02:56:07","slug":"dice-mario-moreno-que-prd-y-pan-lo-consideran-como-candidato-al-senado-de-la-republica-en-2024","status":"publish","type":"post","link":"https:\/\/www.interaccionnoticias.com.mx\/?p=55648","title":{"rendered":"Dice Mario Moreno que PRD y PAN lo consideran como candidato al Senado de la Rep\u00fablica, en 2024"},"content":{"rendered":"\n<p><strong><em>&#8212; En una reuni\u00f3n reciente, asegura que se mencion\u00f3 su nombre<\/em><\/strong><\/p>\n\n\n\n<p><strong>Rosario Garc\u00eda Orozco<\/strong><\/p>\n\n\n\n<p><strong>Chilpancingo, Gro., 8 de enero del 2023.- <\/strong>El ex candidato a Gobernador de Guerrero por la alianza PRI-PAN, Mario Moreno Arcos revel\u00f3 que es considerado por las dirigencias estatales del PRD y del PAN como posible candidato al Senado de la Rep\u00fablica.<\/p>\n\n\n\n<p>Coment\u00f3 que recientemente se reunieron los dirigentes estatales del PRD, Alberto Catal\u00e1n Bastida y del PAN, Eloy Salmer\u00f3n D\u00edaz, para hablar sobre una posible alianza para el an\u00e1lisis de los perfiles que deber\u00e1n tener los candidatos a senadores, diputados federales y locales, y aspirantes a presidentes municipales.<\/p>\n\n\n\n<p>\u00abSe reunieron para hablar de la posible alianza, incluso sin la presencia del PRI y se mencionaron algunos nombres de posibles candidatos a la senadur\u00eda, entre ellos el m\u00edo, y yo les agradezco mucho, son mis amigos, seguido me re\u00fano con ellos\u00bb, coment\u00f3 Moreno Arcos.<\/p>\n\n\n\n<p>Agreg\u00f3 que las alianzas son una buena opci\u00f3n para ganarle a Morena en el 2024, por lo que asever\u00f3: \u00abAl final de cuentas, el reto es ganar en Guerrero, ganarle a Morena, y la \u00fanica forma es en alianza, y la de Va por M\u00e9xico, seguramente traer\u00e1 buenos resultados en Coahuila y Estado de M\u00e9xico, d\u00f3nde se pudiera incorporar al Movimiento Ciudadano\u00bb.<\/p>\n\n\n\n<p>Al respecto, sostuvo que la alianza inicial s\u00ed es posible que se fortalezca con la inclusi\u00f3n de Movimiento Ciudadano, para lo que se mantienen las pl\u00e1ticas para que sean m\u00e1s las fuerzas pol\u00edticas en la alianza.<\/p>\n\n\n\n<p>Se trata no solo de competir, sino de ganar, asegura.<\/p>\n\n\n\n<p>Respecto al Partido Revolucionario Institucional, Mario Moreno consider\u00f3 que es factible que se mantenga la alianza con ese partido y confi\u00f3 en que a nivel nacional se pueda echar abajo la aprobaci\u00f3n de la permanencia del dirigente nacional del PRI, Alejandro Moreno C\u00e1rdenas, quien pretende mantenerse hasta el 2024.<\/p>\n","protected":false},"excerpt":{"rendered":"<p>&#8212; En una reuni\u00f3n reciente, asegura que se mencion\u00f3 su nombre Rosario Garc\u00eda Orozco Chilpancingo, Gro., 8 de enero del 2023.- El ex candidato a Gobernador de Guerrero por la&hellip; <\/p>\n","protected":false},"author":14,"featured_media":55649,"comment_status":"open","ping_status":"open","sticky":false,"template":"","format":"standard","meta":{"fifu_image_url":"","fifu_image_alt":"","footnotes":""},"categories":[21],"tags":[],"class_list":["post-55648","post","type-post","status-publish","format-standard","has-post-thumbnail","hentry","category-politica"],"_links":{"self":[{"href":"https:\/\/www.interaccionnoticias.com.mx\/index.php?rest_route=\/wp\/v2\/posts\/55648","targetHints":{"allow":["GET"]}}],"collection":[{"href":"https:\/\/www.interaccionnoticias.com.mx\/index.php?rest_route=\/wp\/v2\/posts"}],"about":[{"href":"https:\/\/www.interaccionnoticias.com.mx\/index.php?rest_route=\/wp\/v2\/types\/post"}],"author":[{"embeddable":true,"href":"https:\/\/www.interaccionnoticias.com.mx\/index.php?rest_route=\/wp\/v2\/users\/14"}],"replies":[{"embeddable":true,"href":"https:\/\/www.interaccionnoticias.com.mx\/index.php?rest_route=%2Fwp%2Fv2%2Fcomments&post=55648"}],"version-history":[{"count":1,"href":"https:\/\/www.interaccionnoticias.com.mx\/index.php?rest_route=\/wp\/v2\/posts\/55648\/revisions"}],"predecessor-version":[{"id":55650,"href":"https:\/\/www.interaccionnoticias.com.mx\/index.php?rest_route=\/wp\/v2\/posts\/55648\/revisions\/55650"}],"wp:featuredmedia":[{"embeddable":true,"href":"https:\/\/www.interaccionnoticias.com.mx\/index.php?rest_route=\/wp\/v2\/media\/55649"}],"wp:attachment":[{"href":"https:\/\/www.interaccionnoticias.com.mx\/index.php?rest_route=%2Fwp%2Fv2%2Fmedia&parent=55648"}],"wp:term":[{"taxonomy":"category","embeddable":true,"href":"https:\/\/www.interaccionnoticias.com.mx\/index.php?rest_route=%2Fwp%2Fv2%2Fcategories&post=55648"},{"taxonomy":"post_tag","embeddable":true,"href":"https:\/\/www.interaccionnoticias.com.mx\/index.php?rest_route=%2Fwp%2Fv2%2Ftags&post=55648"}],"curies":[{"name":"wp","href":"https:\/\/api.w.org\/{rel}","templated":true}]}}