{"id":55640,"date":"2023-01-08T20:42:39","date_gmt":"2023-01-09T02:42:39","guid":{"rendered":"https:\/\/interaccionnoticias.com.mx\/?p=55640"},"modified":"2023-01-08T20:42:44","modified_gmt":"2023-01-09T02:42:44","slug":"en-guerrero-seguidores-de-marcelo-no-tienen-problema-con-los-anuncios-de-claudia-sheimbaum","status":"publish","type":"post","link":"https:\/\/www.interaccionnoticias.com.mx\/?p=55640","title":{"rendered":"En Guerrero, seguidores de Marcelo no tienen problema con los anuncios de Claudia Sheimbaum"},"content":{"rendered":"\n<p><em><strong>&#8212; \u201cNosotros estamos en lo nuestro, que es posicionar la mejor propuesta\u201d, se\u00f1ala Ram\u00f3n Loya Romero<\/strong><\/em><\/p>\n\n\n\n<p><strong>Rogelio Agust\u00edn<\/strong><\/p>\n\n\n\n<p>En Guerrero, el equipo que impulsa la precandidatura presidencial del canciller Marcelo Ebrard Casaub\u00f3n no est\u00e1 preocupado por la propaganda que realizan los grupos afines a la jefa de Gobierno de la Ciudad de M\u00e9xico, Claudia Sheimbaun, por lo que al menos en esta entidad, no est\u00e1n considerando la posibilidad de presentar alg\u00fan recurso legal.<\/p>\n\n\n\n<p>Ram\u00f3n Loya Romero, quien forma parte del equipo que promueve la aspiraci\u00f3n del titular de la Secretar\u00eda der Relaciones Exteriores en el Gobierno de la Rep\u00fablica, sostiene que hasta el momento, no se ha considerado la posibilidad de documentar los anuncias que ya se observan a favor de la jefa de Gobierno de la CDMX.<\/p>\n\n\n\n<p>\u201cHasta donde tengo entendido, nosotros no teneos problemas con eso\u201d, asegur\u00f3 el ex dirigente estatal del Partido del Centro Democr\u00e1tico (PCD), del cual form\u00f3 parte junto con Marcelo Ebrard y Manuel Camacho Sol\u00eds.<\/p>\n\n\n\n<p>Indic\u00f3: \u201cNosotros no estamos inmersos en realizar ning\u00fan monitoreo respecto a la promoci\u00f3n de la se\u00f1ora Sheimbaun Pardo, pues estamos metidos en los nuestro, que es el posicionamiento de la propuesta que representa Marcelo\u201d.<\/p>\n\n\n\n<p>Loya Romero destac\u00f3 que durante los proximos d\u00edas, se van a retomar las actividades que se quedaron incnclusas durante el cierre del a\u00f1o 2022.<\/p>\n\n\n\n<p>Lo que s\u00ed enfatiz\u00f3, es que en el equipo que en Guerrero ecabeza el empresario Luis Walton Aburto, se tiene el cuidado de no incurrir en procelitismo anticipado.<\/p>\n\n\n\n<p>La intenci\u00f3n, refiri\u00f3 que es tener todo listo para que al momento en que la dirigencia nacional de Morena ponga en marcha la encuesta con la que se definir\u00e1 al candidato o la candidata a la presidencia, el titular de Relaciones Exteriores salga bien librado.<\/p>\n\n\n\n<p>\u201cLo que s\u00ed cuidamos y mucho, es que de ninguna manera nos vayan a agarrar desprevenidos\u201d, apunt\u00f3.<\/p>\n\n\n\n<p>Si bien reconoce que en el pa\u00eds existe la percepci\u00f3n de que hay una candidatura oficial, record\u00f3 que Morena surgi\u00f3 precisamente para combatir las pr\u00e1cticas de otros partidos pol\u00edticos, donde prevalece la imposici\u00f3n y el dedazo, de tal suerte que se debe cuidar que eso no se presente en la coyuntura electoral de 2024.<\/p>\n","protected":false},"excerpt":{"rendered":"<p>&#8212; \u201cNosotros estamos en lo nuestro, que es posicionar la mejor propuesta\u201d, se\u00f1ala Ram\u00f3n Loya Romero Rogelio Agust\u00edn En Guerrero, el equipo que impulsa la precandidatura presidencial del canciller Marcelo&hellip; <\/p>\n","protected":false},"author":21,"featured_media":55641,"comment_status":"open","ping_status":"open","sticky":false,"template":"","format":"standard","meta":{"fifu_image_url":"","fifu_image_alt":"","footnotes":""},"categories":[21],"tags":[],"class_list":["post-55640","post","type-post","status-publish","format-standard","has-post-thumbnail","hentry","category-politica"],"_links":{"self":[{"href":"https:\/\/www.interaccionnoticias.com.mx\/index.php?rest_route=\/wp\/v2\/posts\/55640","targetHints":{"allow":["GET"]}}],"collection":[{"href":"https:\/\/www.interaccionnoticias.com.mx\/index.php?rest_route=\/wp\/v2\/posts"}],"about":[{"href":"https:\/\/www.interaccionnoticias.com.mx\/index.php?rest_route=\/wp\/v2\/types\/post"}],"author":[{"embeddable":true,"href":"https:\/\/www.interaccionnoticias.com.mx\/index.php?rest_route=\/wp\/v2\/users\/21"}],"replies":[{"embeddable":true,"href":"https:\/\/www.interaccionnoticias.com.mx\/index.php?rest_route=%2Fwp%2Fv2%2Fcomments&post=55640"}],"version-history":[{"count":1,"href":"https:\/\/www.interaccionnoticias.com.mx\/index.php?rest_route=\/wp\/v2\/posts\/55640\/revisions"}],"predecessor-version":[{"id":55642,"href":"https:\/\/www.interaccionnoticias.com.mx\/index.php?rest_route=\/wp\/v2\/posts\/55640\/revisions\/55642"}],"wp:featuredmedia":[{"embeddable":true,"href":"https:\/\/www.interaccionnoticias.com.mx\/index.php?rest_route=\/wp\/v2\/media\/55641"}],"wp:attachment":[{"href":"https:\/\/www.interaccionnoticias.com.mx\/index.php?rest_route=%2Fwp%2Fv2%2Fmedia&parent=55640"}],"wp:term":[{"taxonomy":"category","embeddable":true,"href":"https:\/\/www.interaccionnoticias.com.mx\/index.php?rest_route=%2Fwp%2Fv2%2Fcategories&post=55640"},{"taxonomy":"post_tag","embeddable":true,"href":"https:\/\/www.interaccionnoticias.com.mx\/index.php?rest_route=%2Fwp%2Fv2%2Ftags&post=55640"}],"curies":[{"name":"wp","href":"https:\/\/api.w.org\/{rel}","templated":true}]}}