{"id":55634,"date":"2023-01-08T20:32:43","date_gmt":"2023-01-09T02:32:43","guid":{"rendered":"https:\/\/interaccionnoticias.com.mx\/?p=55634"},"modified":"2023-01-08T20:32:48","modified_gmt":"2023-01-09T02:32:48","slug":"regresan-a-clases-mas-de-un-millon-de-estudiantes-en-guerrero","status":"publish","type":"post","link":"https:\/\/www.interaccionnoticias.com.mx\/?p=55634","title":{"rendered":"Regresan a clases m\u00e1s de un mill\u00f3n de estudiantes en Guerrero"},"content":{"rendered":"\n<p><strong><em>&#8212; El lunes el nivel medio superior y superior, el martes Educaci\u00f3n B\u00e1sica<\/em><\/strong><\/p>\n\n\n\n<p><strong>Rogelio Agust\u00edn<\/strong><\/p>\n\n\n\n<p>El titular de la Secretar\u00eda de Educaci\u00f3n Guerrero (SEG), Marcial Rodr\u00edguez Salda\u00f1a confirm\u00f3 el regreso a clases del nivel medios superior y superior este lunes 9 de enero, en tanto que en el nivel b\u00e1sico las actividades escolares se reanudar\u00e1n el martes 10.<\/p>\n\n\n\n<p>Rodr\u00edguez Salda\u00f1a se\u00f1al\u00f3 que en promedio, hay por lo menos un mill\u00f3n de alumnos que se encuentran listos para regresar a clases.<\/p>\n\n\n\n<p>Dijo que este lunes regresan a las aulas alrededor de 300 mil estudiantes de nivel bachillerato y superior, en tanto que los 700 mil de nivel b\u00e1sico se reincorporan el martes.<\/p>\n\n\n\n<p>La causa por la que preescolar, primaria y secundaria reanudan hasta el martes, de acuerdo con el funcionario, es porque todav\u00eda se encuentran inmersos en la realizaci\u00f3n de talleres de formaci\u00f3n.<\/p>\n\n\n\n<p>Explic\u00f3 que dichos talleres inicialmente fueron convocados para directivos y supervisores, pero posteriormente se aplicaron al personal docente.<\/p>\n\n\n\n<p>Dijo que a pesar de las protestas que se realizaron en 2022, al final, la estructura de la SEG comnsigui\u00f3 cerrar el a\u00f1o con una buena relaci\u00f3n con el sector disidente, representado por la Coordinadora Estatal de Trabajadores de la Educaci\u00f3n de Guerrero (CETEG).<\/p>\n\n\n\n<p>En estos momentos, dijo que la relaci\u00f3n entre el personal docente y la SEG se encuentra en buenos terminos y que espera siga en las mismas condiciones.<\/p>\n","protected":false},"excerpt":{"rendered":"<p>&#8212; El lunes el nivel medio superior y superior, el martes Educaci\u00f3n B\u00e1sica Rogelio Agust\u00edn El titular de la Secretar\u00eda de Educaci\u00f3n Guerrero (SEG), Marcial Rodr\u00edguez Salda\u00f1a confirm\u00f3 el regreso&hellip; <\/p>\n","protected":false},"author":21,"featured_media":55635,"comment_status":"open","ping_status":"open","sticky":false,"template":"","format":"standard","meta":{"fifu_image_url":"","fifu_image_alt":"","footnotes":""},"categories":[6],"tags":[],"class_list":["post-55634","post","type-post","status-publish","format-standard","has-post-thumbnail","hentry","category-educacion"],"_links":{"self":[{"href":"https:\/\/www.interaccionnoticias.com.mx\/index.php?rest_route=\/wp\/v2\/posts\/55634","targetHints":{"allow":["GET"]}}],"collection":[{"href":"https:\/\/www.interaccionnoticias.com.mx\/index.php?rest_route=\/wp\/v2\/posts"}],"about":[{"href":"https:\/\/www.interaccionnoticias.com.mx\/index.php?rest_route=\/wp\/v2\/types\/post"}],"author":[{"embeddable":true,"href":"https:\/\/www.interaccionnoticias.com.mx\/index.php?rest_route=\/wp\/v2\/users\/21"}],"replies":[{"embeddable":true,"href":"https:\/\/www.interaccionnoticias.com.mx\/index.php?rest_route=%2Fwp%2Fv2%2Fcomments&post=55634"}],"version-history":[{"count":1,"href":"https:\/\/www.interaccionnoticias.com.mx\/index.php?rest_route=\/wp\/v2\/posts\/55634\/revisions"}],"predecessor-version":[{"id":55636,"href":"https:\/\/www.interaccionnoticias.com.mx\/index.php?rest_route=\/wp\/v2\/posts\/55634\/revisions\/55636"}],"wp:featuredmedia":[{"embeddable":true,"href":"https:\/\/www.interaccionnoticias.com.mx\/index.php?rest_route=\/wp\/v2\/media\/55635"}],"wp:attachment":[{"href":"https:\/\/www.interaccionnoticias.com.mx\/index.php?rest_route=%2Fwp%2Fv2%2Fmedia&parent=55634"}],"wp:term":[{"taxonomy":"category","embeddable":true,"href":"https:\/\/www.interaccionnoticias.com.mx\/index.php?rest_route=%2Fwp%2Fv2%2Fcategories&post=55634"},{"taxonomy":"post_tag","embeddable":true,"href":"https:\/\/www.interaccionnoticias.com.mx\/index.php?rest_route=%2Fwp%2Fv2%2Ftags&post=55634"}],"curies":[{"name":"wp","href":"https:\/\/api.w.org\/{rel}","templated":true}]}}