{"id":5560,"date":"2017-06-20T15:24:39","date_gmt":"2017-06-20T20:24:39","guid":{"rendered":"http:\/\/www.inter-accion.com.mx\/?p=5560"},"modified":"2017-06-20T15:24:39","modified_gmt":"2017-06-20T20:24:39","slug":"encuentran-dos-cadaveres-maniatados-frente-a-la-fge","status":"publish","type":"post","link":"https:\/\/www.interaccionnoticias.com.mx\/?p=5560","title":{"rendered":"Encuentran dos cad\u00e1veres maniatados frente a la FGE"},"content":{"rendered":"<p>La ma\u00f1ana del martes, la Polic\u00eda del Estado confirm\u00f3 el hallazgo de dos cad\u00e1veres maniatados y con huellas de tortura, los que fueron turados en el fraccionamiento Potrerito, cerca de la Fiscal\u00eda General del Estado (FGE).<br \/>\nDe acuerdo con el reporte de la polic\u00eda, el reporte lo emitieron vecinos de dicho asentamiento humano, ubicado sobre los carriles norte-sur de las vialidades del R\u00edo Huacapa, tambi\u00e9n a pocos metros de la Ciudad Judicial.<br \/>\nSe trata de los cuerpos de dos varones, uno de ellos de aproximados 50 a\u00f1os de edad, los que presentan huellas de tortura y estaban maniatados de brazos y piernas, sin documentaci\u00f3n que permitiera su identificaci\u00f3n.<br \/>\nAl lugar se movilizaron elementos de la Polic\u00eda Investigadora Ministerial (PIM) y de la Fiscal\u00eda General del Estado (FGE), quienes resguardaron el levantamiento de los cad\u00e1veres por parte del Servicio M\u00e9dico Forense (SEMEFO).<br \/>\nAmbos cuerpos ingresaron en calidad de desconocidos. &nbsp;&nbsp;<\/p>\n","protected":false},"excerpt":{"rendered":"<p>La ma\u00f1ana del martes, la Polic\u00eda del Estado confirm\u00f3 el hallazgo de dos cad\u00e1veres maniatados y con huellas de tortura, los que fueron turados en el fraccionamiento Potrerito, cerca de&hellip; <\/p>\n","protected":false},"author":1,"featured_media":0,"comment_status":"closed","ping_status":"closed","sticky":false,"template":"","format":"standard","meta":{"fifu_image_url":"","fifu_image_alt":"","footnotes":""},"categories":[8,27],"tags":[],"class_list":["post-5560","post","type-post","status-publish","format-standard","hentry","category-featured","category-seguridad-publica"],"_links":{"self":[{"href":"https:\/\/www.interaccionnoticias.com.mx\/index.php?rest_route=\/wp\/v2\/posts\/5560","targetHints":{"allow":["GET"]}}],"collection":[{"href":"https:\/\/www.interaccionnoticias.com.mx\/index.php?rest_route=\/wp\/v2\/posts"}],"about":[{"href":"https:\/\/www.interaccionnoticias.com.mx\/index.php?rest_route=\/wp\/v2\/types\/post"}],"author":[{"embeddable":true,"href":"https:\/\/www.interaccionnoticias.com.mx\/index.php?rest_route=\/wp\/v2\/users\/1"}],"replies":[{"embeddable":true,"href":"https:\/\/www.interaccionnoticias.com.mx\/index.php?rest_route=%2Fwp%2Fv2%2Fcomments&post=5560"}],"version-history":[{"count":0,"href":"https:\/\/www.interaccionnoticias.com.mx\/index.php?rest_route=\/wp\/v2\/posts\/5560\/revisions"}],"wp:attachment":[{"href":"https:\/\/www.interaccionnoticias.com.mx\/index.php?rest_route=%2Fwp%2Fv2%2Fmedia&parent=5560"}],"wp:term":[{"taxonomy":"category","embeddable":true,"href":"https:\/\/www.interaccionnoticias.com.mx\/index.php?rest_route=%2Fwp%2Fv2%2Fcategories&post=5560"},{"taxonomy":"post_tag","embeddable":true,"href":"https:\/\/www.interaccionnoticias.com.mx\/index.php?rest_route=%2Fwp%2Fv2%2Ftags&post=5560"}],"curies":[{"name":"wp","href":"https:\/\/api.w.org\/{rel}","templated":true}]}}