{"id":55594,"date":"2023-01-06T17:18:03","date_gmt":"2023-01-06T23:18:03","guid":{"rendered":"https:\/\/interaccionnoticias.com.mx\/?p=55594"},"modified":"2023-01-06T17:18:08","modified_gmt":"2023-01-06T23:18:08","slug":"reprocha-morena-guerrero-que-obispo-sepa-el-paradero-de-jefes-criminales-y-no-los-denuncie","status":"publish","type":"post","link":"https:\/\/www.interaccionnoticias.com.mx\/?p=55594","title":{"rendered":"Reprocha Morena-Guerrero que obispo sepa el paradero de jefes criminales y no los denuncie"},"content":{"rendered":"\n<p><strong><em>&#8212; \u201cAl no hacerlo, se convierte en parte de ellos\u201d, se\u00f1ala Jacinto Gonz\u00e1lez Varona<\/em><\/strong><\/p>\n\n\n\n<p><strong>Rogelio Agust\u00edn<\/strong><\/p>\n\n\n\n<p>El dirigente estatal de Morena, Jacinto Gonz\u00e1lez Varona reproch\u00f3 que el obispo em\u00e9rito de Chilpancingo, Salvador Rangel Mendoza conozca en lugar donde se encuentran algunos l\u00edderes del crimen organizado y no los denuncie ante las autoridades, pues dicha situaci\u00f3n lo convierte en c\u00f3mplice.<\/p>\n\n\n\n<p>De primera instancia, Gonz\u00e1lez Varona sostuvo que Rangel Mendoza \u201ca veces se extralimita\u201d en sus comentarios, pues muchas de sus intervenciones ante los medios lo hacen ver como alguien que no est\u00e1 al frente de una instituci\u00f3n religiosa.<\/p>\n\n\n\n<p>Consider\u00f3 preocupante que el obispo em\u00e9rito hable de que algunos pol\u00edticos mantienen relaciones de compadrazgo con dirigentes de organizaciones delictivas, cuando el mismo se coloca en dicho supuesto.<\/p>\n\n\n\n<p>\u201cLo que vemos es que es \u00e9l quien se re\u00fane con ellos (los delincuentes) luego declara que se reuni\u00f3 con ellos para lograr algunos acuerdos de paz, pero no los denuncia ante las autoridades\u201d, anot\u00f3.<\/p>\n\n\n\n<p>En el caso del prelado, se\u00f1al\u00f3 que s\u00ed se establece que hay una relaci\u00f3n de compadrazgo con los grupos delictivos, \u201cpues ya al reunirse y dialogar temas p\u00fablicos con la delincuencia, pues implica una relaci\u00f3n de compadrazgo\u201d.<\/p>\n\n\n\n<p>Dijo adem\u00e1s, que con sus comentarios el obispo se coloca del lado de quienes cuestionan la detenci\u00f3n de Ovidio Guzm\u00e1n L\u00f3pez, uno de los principales l\u00edderes del C\u00e1rtel de Sinaloa.<\/p>\n\n\n\n<p>En el caso de Morena, dijo que hay un respaldo permanente al trabajo que las instituciones realizan de manera cotidiana para tratar de recuperar espacios de paz.<\/p>\n\n\n\n<p>\u201cNosotros aplaudimos ese operativo que se realiz\u00f3 de manera coordinada entre las fuerzas federales para detener a los principales generadores de violencia en el pa\u00eds\u201d, destac\u00f3.<\/p>\n\n\n\n<p>En todo caso, hizo un llamado al obispo a ce\u00f1irse a lo que establecen los mandamientos contenidos en la biblia, que de manera clara ordenan no mentir, porque de manera clara \u201cse trata de un pecado\u201d.<\/p>\n\n\n\n<p>Record\u00f3 que los liderazgos no se rompen con declaraciones est\u00e9riles, muchas veces carentes de sustento y por esa raz\u00f3n ratific\u00f3 su respaldo a la administraci\u00f3n gubernamental de Guerrero.<\/p>\n\n\n\n<p>Tambi\u00e9n se\u00f1al\u00f3 que si en 2019 el presidente de la Rep\u00fablica, Andr\u00e9s Manuel L\u00f3pez Obrador orden\u00f3 la liberaci\u00f3n de Ovidio Guzm\u00e1n Loera, en realidad \u201cfue para evitar carnicer\u00eda\u201d que hubiera costado la vida de personas inocentes, pero en esta ocasi\u00f3n las cosas fueron muy diferentes.<\/p>\n\n\n\n<p>Por eso exhort\u00f3 al obispo que reconsidere su comentario y que tome en cuenta que s\u00ed bien Guerrero es un estado creyente, tambi\u00e9n es cierto que aqu\u00ed prevalece el car\u00e1cter laico.<\/p>\n\n\n\n<p>\u201cNo confunda la fe con la ingenuidad, los pueblos no somos ingenuos, s\u00ed tenemos fe, pero no vamos a caminar al ritmo del cascabel que le ponga la dirigencia religiosa\u201d, apunt\u00f3.<\/p>\n\n\n\n<p>Cerr\u00f3: \u201cEl obispo no se debe andar entrometiendo en situaciones que solamente le tocan al Estado\u201d.<\/p>\n\n\n\n<p>Incluso, se\u00f1al\u00f3 que quien no celebra la detenci\u00f3n de un capo como Ovidio Guzm\u00e1n, se coloca del lado de quienes ven con simpat\u00eda al crimen organizado.<\/p>\n\n\n\n<p>\u201cConocer su forma de organizaci\u00f3n, su ubicaci\u00f3n, sus gustos e identidades y no ir a las instancias correspondientes de manera formal los hace c\u00f3mplices\u201d, insisti\u00f3.<br><\/p>\n","protected":false},"excerpt":{"rendered":"<p>&#8212; \u201cAl no hacerlo, se convierte en parte de ellos\u201d, se\u00f1ala Jacinto Gonz\u00e1lez Varona Rogelio Agust\u00edn El dirigente estatal de Morena, Jacinto Gonz\u00e1lez Varona reproch\u00f3 que el obispo em\u00e9rito de&hellip; <\/p>\n","protected":false},"author":21,"featured_media":48744,"comment_status":"open","ping_status":"open","sticky":false,"template":"","format":"standard","meta":{"fifu_image_url":"","fifu_image_alt":"","footnotes":""},"categories":[21],"tags":[],"class_list":["post-55594","post","type-post","status-publish","format-standard","has-post-thumbnail","hentry","category-politica"],"_links":{"self":[{"href":"https:\/\/www.interaccionnoticias.com.mx\/index.php?rest_route=\/wp\/v2\/posts\/55594","targetHints":{"allow":["GET"]}}],"collection":[{"href":"https:\/\/www.interaccionnoticias.com.mx\/index.php?rest_route=\/wp\/v2\/posts"}],"about":[{"href":"https:\/\/www.interaccionnoticias.com.mx\/index.php?rest_route=\/wp\/v2\/types\/post"}],"author":[{"embeddable":true,"href":"https:\/\/www.interaccionnoticias.com.mx\/index.php?rest_route=\/wp\/v2\/users\/21"}],"replies":[{"embeddable":true,"href":"https:\/\/www.interaccionnoticias.com.mx\/index.php?rest_route=%2Fwp%2Fv2%2Fcomments&post=55594"}],"version-history":[{"count":1,"href":"https:\/\/www.interaccionnoticias.com.mx\/index.php?rest_route=\/wp\/v2\/posts\/55594\/revisions"}],"predecessor-version":[{"id":55595,"href":"https:\/\/www.interaccionnoticias.com.mx\/index.php?rest_route=\/wp\/v2\/posts\/55594\/revisions\/55595"}],"wp:featuredmedia":[{"embeddable":true,"href":"https:\/\/www.interaccionnoticias.com.mx\/index.php?rest_route=\/wp\/v2\/media\/48744"}],"wp:attachment":[{"href":"https:\/\/www.interaccionnoticias.com.mx\/index.php?rest_route=%2Fwp%2Fv2%2Fmedia&parent=55594"}],"wp:term":[{"taxonomy":"category","embeddable":true,"href":"https:\/\/www.interaccionnoticias.com.mx\/index.php?rest_route=%2Fwp%2Fv2%2Fcategories&post=55594"},{"taxonomy":"post_tag","embeddable":true,"href":"https:\/\/www.interaccionnoticias.com.mx\/index.php?rest_route=%2Fwp%2Fv2%2Ftags&post=55594"}],"curies":[{"name":"wp","href":"https:\/\/api.w.org\/{rel}","templated":true}]}}