{"id":55542,"date":"2023-01-05T22:38:27","date_gmt":"2023-01-06T04:38:27","guid":{"rendered":"https:\/\/interaccionnoticias.com.mx\/?p=55542"},"modified":"2023-01-05T22:38:32","modified_gmt":"2023-01-06T04:38:32","slug":"requisa-en-el-penal-de-coyuca-de-catalan-aseguran-bocinas-celulares-y-televisores","status":"publish","type":"post","link":"https:\/\/www.interaccionnoticias.com.mx\/?p=55542","title":{"rendered":"Requisa en el penal de Coyuca de Catal\u00e1n, aseguran bocinas; celulares y televisores"},"content":{"rendered":"\n<p><strong><em>&#8212; Es la c\u00e1rcel de la que un grupo armado se llev\u00f3 a presunto l\u00edder de \u201cLos Tequileros\u201d<\/em><\/strong><\/p>\n\n\n\n<p><strong>Rogelio Agust\u00edn<\/strong><\/p>\n\n\n\n<p>La Polic\u00eda del Estado asegur\u00f3 televisores, tel\u00e9fonos celulares, bocinas y \u201cpiezas no autorizadas\u201d en el penal de Coyuca de Catal\u00e1n, donde el pasado 7 de diciembre un grupo armado sustrajo al preso Samuel \u00c1vila Mar\u00edn, alias \u201cEl Vago\u201d, quien posteriormente apareci\u00f3 asesinado.<\/p>\n\n\n\n<p>La jornada del jueves 5 de enero, la Mesa Central para la Construcci\u00f3n de la Paz inform\u00f3 una serie de actividades realizadas en el contexto del inicio de a\u00f1o, particularmente en carreteras y destinos tur\u00edsticos.<\/p>\n\n\n\n<p>Las corporaciones del estado y la federaci\u00f3n, acordaron mantener la atenci\u00f3n en los puntos que se consideran como prioritarios para brindar seguridad a la poblaci\u00f3n, adem\u00e1s de garantizar el traslado de los visitantes que a\u00fan permanecen en los diferentes destinos tur\u00edsticos.<\/p>\n\n\n\n<p>En la reuni\u00f3n, la gobernadora Evelyn Salgado Pineda llam\u00f3 a no bajar la guardia y fortalecer el trabajo entre las instituciones, para aportar mejores resultados.<\/p>\n\n\n\n<p>En el encuentro, se inform\u00f3 que autoridades del estado, as\u00ed como las fuerzas armadas realizaron un trabajo de revisi\u00f3n en el penal de Coyuca de Catal\u00e1n, ubicado en la Tierra Caliente de Guerrero.<\/p>\n\n\n\n<p>En dicho lugar, se indic\u00f3 que se logr\u00f3 el aseguramiento de bocinas, televisores, tel\u00e9fonos celulares y \u201cotras piezas que no est\u00e1n permitidas\u201d.<\/p>\n\n\n\n<p>En dicho penal, un grupo de 50 hombres armados ingres\u00f3 el pasado 7 de diciembre para llevarse al preso Samuel \u00c1vila Mar\u00edn, quien era conocido bajo el alias de \u201cEl Vago\u201d y estaba identificado como uno de los principales lideres de \u201cLos Tequileros\u201d.<\/p>\n\n\n\n<p>Cuatro d\u00edas despu\u00e9s, \u00c1vila Mar\u00edn fue encontrado muerto en el crucero de Poliutla, en el municipio de Tlalchapa, en su cad\u00e1ver estaba una cartulina en la que se dec\u00eda que \u00e9l era quien ten\u00eda atemorizado el municipio de San Miguel Totolapan.<\/p>\n\n\n\n<p>Posteriormente, se difundi\u00f3 un video en el que aparece a cuadro \u00c1vila Mar\u00edn para responder a varias preguntas que le hace un supuesto l\u00edder de la Familia Michoacana (FM), en donde asegura que \u00e9l fue quien plane\u00f3 la irrupci\u00f3n del 5 de octubre en San Miguel Totolapan, cuando fueron asesinadas 20 personas, entre ellas el entonces alcalde, Conrado Mendoza Almeda.<\/p>\n","protected":false},"excerpt":{"rendered":"<p>&#8212; Es la c\u00e1rcel de la que un grupo armado se llev\u00f3 a presunto l\u00edder de \u201cLos Tequileros\u201d Rogelio Agust\u00edn La Polic\u00eda del Estado asegur\u00f3 televisores, tel\u00e9fonos celulares, bocinas y&hellip; <\/p>\n","protected":false},"author":21,"featured_media":55543,"comment_status":"open","ping_status":"open","sticky":false,"template":"","format":"standard","meta":{"fifu_image_url":"","fifu_image_alt":"","footnotes":""},"categories":[11],"tags":[],"class_list":["post-55542","post","type-post","status-publish","format-standard","has-post-thumbnail","hentry","category-guerrero"],"_links":{"self":[{"href":"https:\/\/www.interaccionnoticias.com.mx\/index.php?rest_route=\/wp\/v2\/posts\/55542","targetHints":{"allow":["GET"]}}],"collection":[{"href":"https:\/\/www.interaccionnoticias.com.mx\/index.php?rest_route=\/wp\/v2\/posts"}],"about":[{"href":"https:\/\/www.interaccionnoticias.com.mx\/index.php?rest_route=\/wp\/v2\/types\/post"}],"author":[{"embeddable":true,"href":"https:\/\/www.interaccionnoticias.com.mx\/index.php?rest_route=\/wp\/v2\/users\/21"}],"replies":[{"embeddable":true,"href":"https:\/\/www.interaccionnoticias.com.mx\/index.php?rest_route=%2Fwp%2Fv2%2Fcomments&post=55542"}],"version-history":[{"count":1,"href":"https:\/\/www.interaccionnoticias.com.mx\/index.php?rest_route=\/wp\/v2\/posts\/55542\/revisions"}],"predecessor-version":[{"id":55544,"href":"https:\/\/www.interaccionnoticias.com.mx\/index.php?rest_route=\/wp\/v2\/posts\/55542\/revisions\/55544"}],"wp:featuredmedia":[{"embeddable":true,"href":"https:\/\/www.interaccionnoticias.com.mx\/index.php?rest_route=\/wp\/v2\/media\/55543"}],"wp:attachment":[{"href":"https:\/\/www.interaccionnoticias.com.mx\/index.php?rest_route=%2Fwp%2Fv2%2Fmedia&parent=55542"}],"wp:term":[{"taxonomy":"category","embeddable":true,"href":"https:\/\/www.interaccionnoticias.com.mx\/index.php?rest_route=%2Fwp%2Fv2%2Fcategories&post=55542"},{"taxonomy":"post_tag","embeddable":true,"href":"https:\/\/www.interaccionnoticias.com.mx\/index.php?rest_route=%2Fwp%2Fv2%2Ftags&post=55542"}],"curies":[{"name":"wp","href":"https:\/\/api.w.org\/{rel}","templated":true}]}}