{"id":5546,"date":"2017-06-19T21:25:22","date_gmt":"2017-06-20T02:25:22","guid":{"rendered":"http:\/\/www.inter-accion.com.mx\/?p=5546"},"modified":"2017-06-19T21:25:22","modified_gmt":"2017-06-20T02:25:22","slug":"faltan-policias-porque-no-aprueban-examenes-de-control-y-confianza","status":"publish","type":"post","link":"https:\/\/www.interaccionnoticias.com.mx\/?p=5546","title":{"rendered":"Faltan polic\u00edas, porque no aprueban ex\u00e1menes de control y confianza"},"content":{"rendered":"<p class=\"m_7290264993193972325xmsonormal\"><b>&#8211;<\/b><span class=\"m_7290264993193972325apple-converted-space\">&nbsp;<\/span>La falta de elementos polic\u00edacos en la capital, no se trata de un tema de contrataci\u00f3n, sino que contin\u00faa siendo un problema el hecho de que los aspirantes no aprueben los ex\u00e1menes de control y confianza, asegur\u00f3 el alcalde de Chilpancingo Marco Antonio Leyva Mena.<u><\/u><u><\/u><\/p>\n<p class=\"m_7290264993193972325xmsonormal\">En entrevista, el edil afirm\u00f3 que un municipio como lo es Chilpancingo, requiere aproximadamente de 400 Polic\u00edas Municipales, sin embargo, actualmente la capital cuenta con solo 105 elementos.<u><\/u><u><\/u><\/p>\n<p class=\"m_7290264993193972325xmsonormal\">El a\u00f1o pasado, hab\u00eda 125 aspirantes a polic\u00eda, de los cuales solo aprobaron los ex\u00e1menes, un total de 15 y la administraci\u00f3n municipal tuvo que desembolsar 7 mil pesos por cada examen.<u><\/u><u><\/u><\/p>\n<p class=\"m_7290264993193972325xmsonormal\">En el mes de febrero, el municipio pas\u00f3 de tener 119 polic\u00edas a 105, luego de que 14 elementos fueron despedidos aparentemente por no acreditar los ex\u00e1menes en control y confianza, a pesar que esa acci\u00f3n fue calificada como irregular, seg\u00fan el s\u00edndico Miguel \u00c1ngel Hern\u00e1ndez G\u00f3mez.<u><\/u><u><\/u><\/p>\n<p class=\"m_7290264993193972325xmsonormal\">En la cuesti\u00f3n financiera, el municipio ejercer\u00e1 alrededor de 13 millones de pesos en el tema de seguridad p\u00fablica, de los cuales el 50 por ciento ser\u00e1 destinado a rubros como capacitaci\u00f3n, contrataci\u00f3n y pago de ex\u00e1menes de los aspirantes.<u><\/u><u><\/u><\/p>\n<p class=\"m_7290264993193972325xmsonormal\">Mientras que la otra mitad, ser\u00e1 utilizada para la compra de armamento, equipamiento y 5 patrullas para los elementos de la Polic\u00eda Municipal.<u><\/u><u><\/u><\/p>\n<p class=\"m_7290264993193972325xmsonormal\">Leyva Mena se\u00f1al\u00f3 que los recorridos de vigilancia de la Polic\u00eda Municipal, son realizados en coordinaci\u00f3n con el Ej\u00e9rcito Mexicano y la Polic\u00eda Federal, toda vez que la Polic\u00eda Estatal cumple otra \u201cagenda\u201d.<u><\/u><u><\/u><\/p>\n<p class=\"m_7290264993193972325xmsonormal\">Resalt\u00f3 que el gobierno del estado no le ha convocado a participar en reuniones relacionados con el tema de seguridad, y por ello, solo se ha limitado a acudir a las sesiones del Consejo de Seguridad P\u00fablica Municipal y con el Consejo de Participaci\u00f3n Ciudadana.<span class=\"m_7290264993193972325apple-converted-space\">&nbsp;<\/span><u><\/u><u><\/u><\/p>\n<p class=\"m_7290264993193972325xmsonormal\">Por \u00faltimo, apunt\u00f3 que con montar un operativo especial e instalar una caseta de vigilancia en el Mercado Baltazar R. Leyva Mancilla, es como la autoridad pretende blindar el comercio local ante los embates de los grupos delincuenciales<\/p>\n","protected":false},"excerpt":{"rendered":"<p>&#8211;&nbsp;La falta de elementos polic\u00edacos en la capital, no se trata de un tema de contrataci\u00f3n, sino que contin\u00faa siendo un problema el hecho de que los aspirantes no aprueben&hellip; <\/p>\n","protected":false},"author":1,"featured_media":0,"comment_status":"closed","ping_status":"closed","sticky":false,"template":"","format":"standard","meta":{"fifu_image_url":"","fifu_image_alt":"","footnotes":""},"categories":[8,23],"tags":[],"class_list":["post-5546","post","type-post","status-publish","format-standard","hentry","category-featured","category-regionales"],"_links":{"self":[{"href":"https:\/\/www.interaccionnoticias.com.mx\/index.php?rest_route=\/wp\/v2\/posts\/5546","targetHints":{"allow":["GET"]}}],"collection":[{"href":"https:\/\/www.interaccionnoticias.com.mx\/index.php?rest_route=\/wp\/v2\/posts"}],"about":[{"href":"https:\/\/www.interaccionnoticias.com.mx\/index.php?rest_route=\/wp\/v2\/types\/post"}],"author":[{"embeddable":true,"href":"https:\/\/www.interaccionnoticias.com.mx\/index.php?rest_route=\/wp\/v2\/users\/1"}],"replies":[{"embeddable":true,"href":"https:\/\/www.interaccionnoticias.com.mx\/index.php?rest_route=%2Fwp%2Fv2%2Fcomments&post=5546"}],"version-history":[{"count":0,"href":"https:\/\/www.interaccionnoticias.com.mx\/index.php?rest_route=\/wp\/v2\/posts\/5546\/revisions"}],"wp:attachment":[{"href":"https:\/\/www.interaccionnoticias.com.mx\/index.php?rest_route=%2Fwp%2Fv2%2Fmedia&parent=5546"}],"wp:term":[{"taxonomy":"category","embeddable":true,"href":"https:\/\/www.interaccionnoticias.com.mx\/index.php?rest_route=%2Fwp%2Fv2%2Fcategories&post=5546"},{"taxonomy":"post_tag","embeddable":true,"href":"https:\/\/www.interaccionnoticias.com.mx\/index.php?rest_route=%2Fwp%2Fv2%2Ftags&post=5546"}],"curies":[{"name":"wp","href":"https:\/\/api.w.org\/{rel}","templated":true}]}}