{"id":55128,"date":"2022-12-23T17:40:00","date_gmt":"2022-12-23T23:40:00","guid":{"rendered":"https:\/\/interaccionnoticias.com.mx\/?p=55128"},"modified":"2022-12-23T20:34:59","modified_gmt":"2022-12-24T02:34:59","slug":"reportan-a-joven-desaparecida-en-huajintepec-municipio-de-ometepec","status":"publish","type":"post","link":"https:\/\/www.interaccionnoticias.com.mx\/?p=55128","title":{"rendered":"Reportan a joven desaparecida en Huajintepec, municipio de Ometepec"},"content":{"rendered":"\n<p><strong>Jes\u00fas Dorantes<\/strong><\/p>\n\n\n\n<p><strong>Chilpancingo, Gro.- <\/strong>Una joven de 15 a\u00f1os de edad, originaria de Huajintepec, municipio de Ometepec, fue reportada como desaparecida desde el pasado 20 de diciembre, sin que hasta el momento se tengan datos sobre su paradero.<\/p>\n\n\n\n<p>El reporte se difundi\u00f3 a trav\u00e9s de una \u201cAlerta Violeta\u201d que se emiti\u00f3 en las redes sociales de la FGE durante la ma\u00f1ana del jueves 23 de diciembre.<\/p>\n\n\n\n<p>En dicho mecanismo se inform\u00f3 sobre la desaparici\u00f3n de la menor Yameli Joanico Balbuena.<\/p>\n\n\n\n<p>Como se\u00f1as particulares, en la ficha se se\u00f1ala que es de complexi\u00f3n delgada; tez morena clara, cara alargada, estatura 1.53 metros, frente peque\u00f1a, cejas gruesas, ojos de color caf\u00e9 y nariz mediana.<\/p>\n\n\n\n<p>Adem\u00e1s de boca peque\u00f1a, labios delgados, ment\u00f3n ovalado y oreja peque\u00f1as.<\/p>\n\n\n\n<p>Se indicva que vest\u00eda el d\u00eda de sus desaparici\u00f3n blusa verde de tirantes, short color rosa y tenis color rosa.<\/p>\n\n\n\n<p>Al final de la ficha se solicita a la ciudadan\u00eda dar cualquier informaci\u00f3n de su paradero y reportarlo al n\u00famero de emergencias 911.<\/p>\n\n\n\n<figure class=\"wp-block-gallery columns-1 is-cropped wp-block-gallery-1 is-layout-flex wp-block-gallery-is-layout-flex\"><ul class=\"blocks-gallery-grid\"><li class=\"blocks-gallery-item\"><figure><img decoding=\"async\" src=\"data:image\/gif;base64,R0lGODlhAQABAIAAAAAAAP\/\/\/ywAAAAAAQABAAACAUwAOw==\" fifu-lazy=\"1\" fifu-data-sizes=\"auto\" fifu-data-srcset=\"https:\/\/i2.wp.com\/interaccionnoticias.com.mx\/wp-content\/uploads\/2022\/12\/221221-desaparecida-en-Huajintepec-905x1024.jpeg?ssl=1&w=75&resize=75&ssl=1 75w, https:\/\/i2.wp.com\/interaccionnoticias.com.mx\/wp-content\/uploads\/2022\/12\/221221-desaparecida-en-Huajintepec-905x1024.jpeg?ssl=1&w=100&resize=100&ssl=1 100w, https:\/\/i2.wp.com\/interaccionnoticias.com.mx\/wp-content\/uploads\/2022\/12\/221221-desaparecida-en-Huajintepec-905x1024.jpeg?ssl=1&w=150&resize=150&ssl=1 150w, https:\/\/i2.wp.com\/interaccionnoticias.com.mx\/wp-content\/uploads\/2022\/12\/221221-desaparecida-en-Huajintepec-905x1024.jpeg?ssl=1&w=240&resize=240&ssl=1 240w, https:\/\/i2.wp.com\/interaccionnoticias.com.mx\/wp-content\/uploads\/2022\/12\/221221-desaparecida-en-Huajintepec-905x1024.jpeg?ssl=1&w=320&resize=320&ssl=1 320w, https:\/\/i2.wp.com\/interaccionnoticias.com.mx\/wp-content\/uploads\/2022\/12\/221221-desaparecida-en-Huajintepec-905x1024.jpeg?ssl=1&w=500&resize=500&ssl=1 500w, https:\/\/i2.wp.com\/interaccionnoticias.com.mx\/wp-content\/uploads\/2022\/12\/221221-desaparecida-en-Huajintepec-905x1024.jpeg?ssl=1&w=640&resize=640&ssl=1 640w, https:\/\/i2.wp.com\/interaccionnoticias.com.mx\/wp-content\/uploads\/2022\/12\/221221-desaparecida-en-Huajintepec-905x1024.jpeg?ssl=1&w=800&resize=800&ssl=1 800w, https:\/\/i2.wp.com\/interaccionnoticias.com.mx\/wp-content\/uploads\/2022\/12\/221221-desaparecida-en-Huajintepec-905x1024.jpeg?ssl=1&w=1024&resize=1024&ssl=1 1024w, https:\/\/i2.wp.com\/interaccionnoticias.com.mx\/wp-content\/uploads\/2022\/12\/221221-desaparecida-en-Huajintepec-905x1024.jpeg?ssl=1&w=1280&resize=1280&ssl=1 1280w, https:\/\/i2.wp.com\/interaccionnoticias.com.mx\/wp-content\/uploads\/2022\/12\/221221-desaparecida-en-Huajintepec-905x1024.jpeg?ssl=1&w=1600&resize=1600&ssl=1 1600w\" fifu-data-src=\"https:\/\/i2.wp.com\/interaccionnoticias.com.mx\/wp-content\/uploads\/2022\/12\/221221-desaparecida-en-Huajintepec-905x1024.jpeg?ssl=1\" alt=\"\" data-id=\"55129\" data-full-url=\"https:\/\/interaccionnoticias.com.mx\/wp-content\/uploads\/2022\/12\/221221-desaparecida-en-Huajintepec.jpeg\" data-link=\"https:\/\/interaccionnoticias.com.mx\/?attachment_id=55129\" class=\"wp-image-55129\"\/><\/figure><\/li><\/ul><\/figure>\n","protected":false},"excerpt":{"rendered":"<p>Jes\u00fas Dorantes Chilpancingo, Gro.- Una joven de 15 a\u00f1os de edad, originaria de Huajintepec, municipio de Ometepec, fue reportada como desaparecida desde el pasado 20 de diciembre, sin que hasta&hellip; <\/p>\n","protected":false},"author":8,"featured_media":55130,"comment_status":"open","ping_status":"open","sticky":false,"template":"","format":"standard","meta":{"fifu_image_url":"","fifu_image_alt":"","footnotes":""},"categories":[27],"tags":[],"class_list":["post-55128","post","type-post","status-publish","format-standard","has-post-thumbnail","hentry","category-seguridad-publica"],"_links":{"self":[{"href":"https:\/\/www.interaccionnoticias.com.mx\/index.php?rest_route=\/wp\/v2\/posts\/55128","targetHints":{"allow":["GET"]}}],"collection":[{"href":"https:\/\/www.interaccionnoticias.com.mx\/index.php?rest_route=\/wp\/v2\/posts"}],"about":[{"href":"https:\/\/www.interaccionnoticias.com.mx\/index.php?rest_route=\/wp\/v2\/types\/post"}],"author":[{"embeddable":true,"href":"https:\/\/www.interaccionnoticias.com.mx\/index.php?rest_route=\/wp\/v2\/users\/8"}],"replies":[{"embeddable":true,"href":"https:\/\/www.interaccionnoticias.com.mx\/index.php?rest_route=%2Fwp%2Fv2%2Fcomments&post=55128"}],"version-history":[{"count":1,"href":"https:\/\/www.interaccionnoticias.com.mx\/index.php?rest_route=\/wp\/v2\/posts\/55128\/revisions"}],"predecessor-version":[{"id":55131,"href":"https:\/\/www.interaccionnoticias.com.mx\/index.php?rest_route=\/wp\/v2\/posts\/55128\/revisions\/55131"}],"wp:featuredmedia":[{"embeddable":true,"href":"https:\/\/www.interaccionnoticias.com.mx\/index.php?rest_route=\/wp\/v2\/media\/55130"}],"wp:attachment":[{"href":"https:\/\/www.interaccionnoticias.com.mx\/index.php?rest_route=%2Fwp%2Fv2%2Fmedia&parent=55128"}],"wp:term":[{"taxonomy":"category","embeddable":true,"href":"https:\/\/www.interaccionnoticias.com.mx\/index.php?rest_route=%2Fwp%2Fv2%2Fcategories&post=55128"},{"taxonomy":"post_tag","embeddable":true,"href":"https:\/\/www.interaccionnoticias.com.mx\/index.php?rest_route=%2Fwp%2Fv2%2Ftags&post=55128"}],"curies":[{"name":"wp","href":"https:\/\/api.w.org\/{rel}","templated":true}]}}