{"id":5495,"date":"2017-06-16T18:21:21","date_gmt":"2017-06-16T23:21:21","guid":{"rendered":"http:\/\/www.inter-accion.com.mx\/?p=5495"},"modified":"2017-06-16T18:21:21","modified_gmt":"2017-06-16T23:21:21","slug":"ya-hay-acuerdos-entre-el-sindicato-y-el-gobierno-municipal-de-chilpancingo","status":"publish","type":"post","link":"https:\/\/www.interaccionnoticias.com.mx\/?p=5495","title":{"rendered":"Ya hay acuerdos entre el sindicato y el gobierno municipal de Chilpancingo"},"content":{"rendered":"<p><span style=\"color: rgb(0, 0, 0); font-size: 17.12px;\">Liberan todos los edificios del municipio<\/span><\/p>\n<p class=\"MsoNormal\" style=\"margin-bottom: 0px; color: rgb(0, 0, 0); font-family: Calibri, Helvetica, sans-serif; font-size: 17.12px;\"><span lang=\"ES\" style=\"font-size: 18pt;\">En el cuarto d\u00eda de conflicto, los integrantes de la secci\u00f3n 28 del Sindicato Unico de Servidores P\u00fablicos del Estado de Guerrero (SUSPEG) alcanzaron un acuerdo con el alcalde Marco Antonio Leyva Mena, el cual se dar\u00e1 a conocer hasta la jornada del lunes, pero que ya permiti\u00f3 reanudar los trabajos en el ayuntamiento.<\/span><\/p>\n<p class=\"MsoNormal\" style=\"margin-bottom: 0px; color: rgb(0, 0, 0); font-family: Calibri, Helvetica, sans-serif; font-size: 17.12px;\"><span lang=\"ES\" style=\"font-size: 18pt;\">Durante la ma\u00f1ana del viernes 16 de junio, a cuatro d\u00edas de que detonara el paro con el que la secci\u00f3n XXVIII del SUSPEG reclamaba el 15 porciento de incremento directo al salario, m\u00e1s 30 porciento en prestaciones, los bur\u00f3cratas se concentraron en la Junta Local de Conciliaci\u00f3n y Arbitraje (JLCyA).<\/span><\/p>\n<p class=\"MsoNormal\" style=\"margin-bottom: 0px; color: rgb(0, 0, 0); font-family: Calibri, Helvetica, sans-serif; font-size: 17.12px;\"><span lang=\"ES\" style=\"font-size: 18pt;\">Los ciudadanos que de maneta cotidiana realizan actividades en el centro, en esta ocasi\u00f3n ya no enfrentaron el bloqueo de las calles de mayor circulaci\u00f3n, como sucedi\u00f3 durante los d\u00edas martes, mi\u00e9rcoles y jueves de la semana que est\u00e1 en curso.<\/span><\/p>\n<p class=\"MsoNormal\" style=\"margin-bottom: 0px; color: rgb(0, 0, 0); font-family: Calibri, Helvetica, sans-serif; font-size: 17.12px;\"><span lang=\"ES\" style=\"font-size: 18pt;\">Los sindicalizados se mantuvieron en el control del edificio que alberga el ayuntamiento, en el z\u00f3calo de la ciudad y de casi todas las oficinas alternas que se encuentran distribuidas en diferentes puntos de la ciudad.<\/span><\/p>\n<p class=\"MsoNormal\" style=\"margin-bottom: 0px; color: rgb(0, 0, 0); font-family: Calibri, Helvetica, sans-serif; font-size: 17.12px;\"><span lang=\"ES\" style=\"font-size: 18pt;\">Antes de las 13:00 horas, el secretario general de la secci\u00f3n, J. Natividad Adame Mart\u00ednez abandon\u00f3 el edificio que ocupa la JLCyA, sobre la avenida Benito Ju\u00e1rez y se dirigi\u00f3 hacia la plaza central de la ciudad, con la intenci\u00f3n de notificar a sus agremiados lo alcanzado en una primera negociaci\u00f3n con el ayuntamiento.<\/span><\/p>\n<p class=\"MsoNormal\" style=\"margin-bottom: 0px; color: rgb(0, 0, 0); font-family: Calibri, Helvetica, sans-serif; font-size: 17.12px;\"><span lang=\"ES\" style=\"font-size: 18pt;\">De entrada, manifest\u00f3 que ya existe una minuta de acuerdos que se firmar\u00e1 hasta el pr\u00f3ximo lunes, de tal suerte que ser\u00e1 hasta ese d\u00eda cuando se den a conocer los t\u00e9rminos del acuerdo.<\/span><\/p>\n<p class=\"MsoNormal\" style=\"margin-bottom: 0px; color: rgb(0, 0, 0); font-family: Calibri, Helvetica, sans-serif; font-size: 17.12px;\"><span lang=\"ES\" style=\"font-size: 18pt;\">Aunque no se explicaron los t\u00e9rminos del acuerdo inicial, si se dej\u00f3 en claro que eran suficientes como para liberar el Palacio Municipal y las oficinas alternas, de tal manera que todav\u00eda se rescataron las actividades del viernes correspondientes al turno vespertino.<\/span><\/p>\n<p class=\"MsoNormal\" style=\"margin-bottom: 0px; color: rgb(0, 0, 0); font-family: Calibri, Helvetica, sans-serif; font-size: 17.12px;\"><span lang=\"ES\" style=\"font-size: 18pt;\">No se sabe en que t\u00e9rminos qued\u00f3 lo relacionado con el incremento salarial; pues mientras el sindicato reclamaba el 15 porciento, el municipio siempre se\u00f1al\u00f3 que por lo mucho pod\u00eda ofrece el 8.<\/span><\/p>\n","protected":false},"excerpt":{"rendered":"<p>Liberan todos los edificios del municipio En el cuarto d\u00eda de conflicto, los integrantes de la secci\u00f3n 28 del Sindicato Unico de Servidores P\u00fablicos del Estado de Guerrero (SUSPEG) alcanzaron&hellip; <\/p>\n","protected":false},"author":1,"featured_media":0,"comment_status":"closed","ping_status":"closed","sticky":false,"template":"","format":"standard","meta":{"fifu_image_url":"","fifu_image_alt":"","footnotes":""},"categories":[13,8],"tags":[],"class_list":["post-5495","post","type-post","status-publish","format-standard","hentry","category-capital","category-featured"],"_links":{"self":[{"href":"https:\/\/www.interaccionnoticias.com.mx\/index.php?rest_route=\/wp\/v2\/posts\/5495","targetHints":{"allow":["GET"]}}],"collection":[{"href":"https:\/\/www.interaccionnoticias.com.mx\/index.php?rest_route=\/wp\/v2\/posts"}],"about":[{"href":"https:\/\/www.interaccionnoticias.com.mx\/index.php?rest_route=\/wp\/v2\/types\/post"}],"author":[{"embeddable":true,"href":"https:\/\/www.interaccionnoticias.com.mx\/index.php?rest_route=\/wp\/v2\/users\/1"}],"replies":[{"embeddable":true,"href":"https:\/\/www.interaccionnoticias.com.mx\/index.php?rest_route=%2Fwp%2Fv2%2Fcomments&post=5495"}],"version-history":[{"count":0,"href":"https:\/\/www.interaccionnoticias.com.mx\/index.php?rest_route=\/wp\/v2\/posts\/5495\/revisions"}],"wp:attachment":[{"href":"https:\/\/www.interaccionnoticias.com.mx\/index.php?rest_route=%2Fwp%2Fv2%2Fmedia&parent=5495"}],"wp:term":[{"taxonomy":"category","embeddable":true,"href":"https:\/\/www.interaccionnoticias.com.mx\/index.php?rest_route=%2Fwp%2Fv2%2Fcategories&post=5495"},{"taxonomy":"post_tag","embeddable":true,"href":"https:\/\/www.interaccionnoticias.com.mx\/index.php?rest_route=%2Fwp%2Fv2%2Ftags&post=5495"}],"curies":[{"name":"wp","href":"https:\/\/api.w.org\/{rel}","templated":true}]}}