{"id":5489,"date":"2017-06-16T17:33:32","date_gmt":"2017-06-16T22:33:32","guid":{"rendered":"http:\/\/www.inter-accion.com.mx\/?p=5489"},"modified":"2017-06-16T17:33:32","modified_gmt":"2017-06-16T22:33:32","slug":"ceteg-y-padres-de-familia-boquean-la-carretera-federal-en-chilapa","status":"publish","type":"post","link":"https:\/\/www.interaccionnoticias.com.mx\/?p=5489","title":{"rendered":"CETEG y padres de familia boquean la carretera federal, en Chilapa"},"content":{"rendered":"<p class=\"MsoNormal\" style=\"margin-bottom: 0px; color: rgb(0, 0, 0); font-family: Calibri, Helvetica, sans-serif; font-size: 17.12px;\"><span lang=\"ES\" style=\"font-size: 18pt;\">Con el reclamo de que se ratifiquen los nombramientos a maestros de nivel primaria, padres de familia y dirigentes de la Coordinadora Estatal de Trabajadores de la Educaci\u00f3n de Guerrero (CETEG) bloquearon la carretera federal Chilpancingo-Tlapa, a la altura de Chilapa de Alvarez.<\/span><\/p>\n<p class=\"MsoNormal\" style=\"margin-bottom: 0px; color: rgb(0, 0, 0); font-family: Calibri, Helvetica, sans-serif; font-size: 17.12px;\"><span lang=\"ES\" style=\"font-size: 18pt;\">Desde las 11:00 horas, los maestros disidentes llegaron hasta el punto conocido como Los Arcos, en la entrada sur de la Chilapa, para exigir la ratificaci\u00f3n de por lo menos cien nombramientos, cuya vigencia fenece el pr\u00f3ximo 15 de julio.<\/span><\/p>\n<p class=\"MsoNormal\" style=\"margin-bottom: 0px; color: rgb(0, 0, 0); font-family: Calibri, Helvetica, sans-serif; font-size: 17.12px;\"><span lang=\"ES\" style=\"font-size: 18pt;\">Los maestros disidentes estuvieron respaldados por comit\u00e9s de padres de familia de 17 comunidades pertenecientes a siete municipios de la Monta\u00f1a baja.<\/span><\/p>\n<p class=\"MsoNormal\" style=\"margin-bottom: 0px; color: rgb(0, 0, 0); font-family: Calibri, Helvetica, sans-serif; font-size: 17.12px;\"><span lang=\"ES\" style=\"font-size: 18pt;\">Enmanuel Galeana Garc\u00eda, dirigente de la coordinadora en la Monta\u00f1a baja del estado, explic\u00f3 que durante parte importante de la ma\u00f1ana, maestros y padres de familia esperaron a que el titular de la Secretar\u00eda de Educaci\u00f3n Guerrero (SEG), Jos\u00e9 Luis Gonz\u00e1lez de la Vega Otero se presentara en Chilapa con un paquete inicial de nombramientos, para comenzar a distribuirlos entre los interesados.<\/span><\/p>\n<p class=\"MsoNormal\" style=\"margin-bottom: 0px; color: rgb(0, 0, 0); font-family: Calibri, Helvetica, sans-serif; font-size: 17.12px;\"><span lang=\"ES\" style=\"font-size: 18pt;\">Tambi\u00e9n piden la reconstrucci\u00f3n de escuelas en casi todas las escuelas ubicadas en municipios como Zitlala, Hueycantenango, Ahucotzingo, Chilapa y Acatepec, entre otros.<\/span><\/p>\n<p class=\"MsoNormal\" style=\"margin-bottom: 0px; color: rgb(0, 0, 0); font-family: Calibri, Helvetica, sans-serif; font-size: 17.12px;\"><span lang=\"ES\" style=\"font-size: 18pt;\">Indicaron que el bloqueo permanecer\u00e1 hasta que haya representantes de la SEG para dialogar con ellos, en el entendido de que el titular de la dependencia ya conoce su pliego de demandas.<\/span><\/p>\n<p style=\"margin-bottom: 0px; color: rgb(0, 0, 0); font-family: Calibri, Helvetica, sans-serif; font-size: 17.12px;\">\n<p class=\"MsoNormal\" style=\"margin-bottom: 0px; color: rgb(0, 0, 0); font-family: Calibri, Helvetica, sans-serif; font-size: 17.12px;\"><span lang=\"ES\" style=\"font-size: 18pt;\">&nbsp;&nbsp;&nbsp;&nbsp;<\/span><\/p>\n","protected":false},"excerpt":{"rendered":"<p>Con el reclamo de que se ratifiquen los nombramientos a maestros de nivel primaria, padres de familia y dirigentes de la Coordinadora Estatal de Trabajadores de la Educaci\u00f3n de Guerrero&hellip; <\/p>\n","protected":false},"author":1,"featured_media":0,"comment_status":"closed","ping_status":"closed","sticky":false,"template":"","format":"standard","meta":{"fifu_image_url":"","fifu_image_alt":"","footnotes":""},"categories":[6,8],"tags":[],"class_list":["post-5489","post","type-post","status-publish","format-standard","hentry","category-educacion","category-featured"],"_links":{"self":[{"href":"https:\/\/www.interaccionnoticias.com.mx\/index.php?rest_route=\/wp\/v2\/posts\/5489","targetHints":{"allow":["GET"]}}],"collection":[{"href":"https:\/\/www.interaccionnoticias.com.mx\/index.php?rest_route=\/wp\/v2\/posts"}],"about":[{"href":"https:\/\/www.interaccionnoticias.com.mx\/index.php?rest_route=\/wp\/v2\/types\/post"}],"author":[{"embeddable":true,"href":"https:\/\/www.interaccionnoticias.com.mx\/index.php?rest_route=\/wp\/v2\/users\/1"}],"replies":[{"embeddable":true,"href":"https:\/\/www.interaccionnoticias.com.mx\/index.php?rest_route=%2Fwp%2Fv2%2Fcomments&post=5489"}],"version-history":[{"count":0,"href":"https:\/\/www.interaccionnoticias.com.mx\/index.php?rest_route=\/wp\/v2\/posts\/5489\/revisions"}],"wp:attachment":[{"href":"https:\/\/www.interaccionnoticias.com.mx\/index.php?rest_route=%2Fwp%2Fv2%2Fmedia&parent=5489"}],"wp:term":[{"taxonomy":"category","embeddable":true,"href":"https:\/\/www.interaccionnoticias.com.mx\/index.php?rest_route=%2Fwp%2Fv2%2Fcategories&post=5489"},{"taxonomy":"post_tag","embeddable":true,"href":"https:\/\/www.interaccionnoticias.com.mx\/index.php?rest_route=%2Fwp%2Fv2%2Ftags&post=5489"}],"curies":[{"name":"wp","href":"https:\/\/api.w.org\/{rel}","templated":true}]}}