{"id":5471,"date":"2017-06-16T11:13:43","date_gmt":"2017-06-16T16:13:43","guid":{"rendered":"http:\/\/www.inter-accion.com.mx\/?p=5471"},"modified":"2017-06-16T11:13:43","modified_gmt":"2017-06-16T16:13:43","slug":"en-riesgo-produccion-de-maiz-y-frijol-por-retraso-de-pimaf","status":"publish","type":"post","link":"https:\/\/www.interaccionnoticias.com.mx\/?p=5471","title":{"rendered":"En riesgo producci\u00f3n de ma\u00edz y frijol por retraso de PIMAF"},"content":{"rendered":"<p>La dirigencia del Movimiento Antorchista en Guerrero, denunci\u00f3 que la Secretar\u00eda de Agricultura, Ganader\u00eda, Desarrollo Rural, Pesca y Alimentaci\u00f3n, tiene un mes y medio de retraso en la implementaci\u00f3n del Programa de Incentivos para Productores de Ma\u00edz y Frijol (PIMAF).<br \/>\nEl drigente Jos\u00e9 Juan Bautista Hern\u00e1ndez, se\u00f1al\u00f3 que en la organizaci\u00f3n que representa, no se han entregado paquetes de insumos a unos 30 mil campesinos.<br \/>\nEl PIMAF debi\u00f3 iniciarse el desde los primeros d\u00edas del mes de mayo.<br \/>\nBautista Hern\u00e1ndez omiti\u00f3 hablar del gobierno de H\u00e9ctor Astudillo Flores, sin embargo, resalt\u00f3 que en la agenda del Movimiento Antorchista, a\u00fan est\u00e1n pendientes temas como salud, educaci\u00f3n y vivienda.<br \/>\nLas regiones m\u00e1s afectadas por la falta de entrega de insumos, es principalmente Tierra Caliente y Monta\u00f1a, asegur\u00f3.&nbsp;<\/p>\n","protected":false},"excerpt":{"rendered":"<p>La dirigencia del Movimiento Antorchista en Guerrero, denunci\u00f3 que la Secretar\u00eda de Agricultura, Ganader\u00eda, Desarrollo Rural, Pesca y Alimentaci\u00f3n, tiene un mes y medio de retraso en la implementaci\u00f3n del&hellip; <\/p>\n","protected":false},"author":1,"featured_media":0,"comment_status":"closed","ping_status":"closed","sticky":false,"template":"","format":"standard","meta":{"fifu_image_url":"","fifu_image_alt":"","footnotes":""},"categories":[8,15],"tags":[],"class_list":["post-5471","post","type-post","status-publish","format-standard","hentry","category-featured","category-movimientos-sociales"],"_links":{"self":[{"href":"https:\/\/www.interaccionnoticias.com.mx\/index.php?rest_route=\/wp\/v2\/posts\/5471","targetHints":{"allow":["GET"]}}],"collection":[{"href":"https:\/\/www.interaccionnoticias.com.mx\/index.php?rest_route=\/wp\/v2\/posts"}],"about":[{"href":"https:\/\/www.interaccionnoticias.com.mx\/index.php?rest_route=\/wp\/v2\/types\/post"}],"author":[{"embeddable":true,"href":"https:\/\/www.interaccionnoticias.com.mx\/index.php?rest_route=\/wp\/v2\/users\/1"}],"replies":[{"embeddable":true,"href":"https:\/\/www.interaccionnoticias.com.mx\/index.php?rest_route=%2Fwp%2Fv2%2Fcomments&post=5471"}],"version-history":[{"count":0,"href":"https:\/\/www.interaccionnoticias.com.mx\/index.php?rest_route=\/wp\/v2\/posts\/5471\/revisions"}],"wp:attachment":[{"href":"https:\/\/www.interaccionnoticias.com.mx\/index.php?rest_route=%2Fwp%2Fv2%2Fmedia&parent=5471"}],"wp:term":[{"taxonomy":"category","embeddable":true,"href":"https:\/\/www.interaccionnoticias.com.mx\/index.php?rest_route=%2Fwp%2Fv2%2Fcategories&post=5471"},{"taxonomy":"post_tag","embeddable":true,"href":"https:\/\/www.interaccionnoticias.com.mx\/index.php?rest_route=%2Fwp%2Fv2%2Ftags&post=5471"}],"curies":[{"name":"wp","href":"https:\/\/api.w.org\/{rel}","templated":true}]}}