{"id":54673,"date":"2022-12-13T10:50:38","date_gmt":"2022-12-13T16:50:38","guid":{"rendered":"https:\/\/interaccionnoticias.com.mx\/?p=54673"},"modified":"2022-12-13T10:50:43","modified_gmt":"2022-12-13T16:50:43","slug":"habitantes-del-centro-de-chilpancingo-bloquean-la-avenida-miguel-aleman-en-exigencia-de-agua","status":"publish","type":"post","link":"https:\/\/www.interaccionnoticias.com.mx\/?p=54673","title":{"rendered":"Habitantes del centro de Chilpancingo bloquean la avenida Miguel Alem\u00e1n en exigencia de agua"},"content":{"rendered":"\n<p><strong><em>&#8212; Amagan con no permitir que circule por esa vialidad el Paseo del Pend\u00f3n el pr\u00f3ximo domingo<\/em><\/strong><\/p>\n\n\n\n<p><strong>Rosario Garc\u00eda Orozco<\/strong><\/p>\n\n\n\n<p><strong>Chilpancingo, Gro., 13 de diciembre del 2022.-<\/strong> Vecinos del centro de Chilpancingo bloquearon la Avenida Alem\u00e1n en exigencia del suministro de agua a las viviendas de esa zona, porque ya tienen m\u00e1s de un mes sin el vital l\u00edquido.<\/p>\n\n\n\n<p>Pidieron a las autoridades de la Comisi\u00f3n de Agua Potable y Alcantarillado de Chilpancingo (Capach) que les regularicen el tandeo de agua, porque ya tienen m\u00e1s un mes sin el servicio, a pesar de que, aseguran, pagan con oportunidad los recibos respectivos.<\/p>\n\n\n\n<p>En las cartulinas que portan los inconformes se encuentran textos, como \u00abSin agua no hay Pend\u00f3n\u00bb, en referencia a que por esa Avenida, la Alem\u00e1n, circula el contingente que participa en el Paseo del Pend\u00f3n, que se llevar\u00e1 a cabo el pr\u00f3ximo domingo, como parte de las actividades para el anuncio de la Feria de San Mateo, Navidad y A\u00f1o Nuevo, que es la m\u00e1s antigua del pa\u00eds.<\/p>\n\n\n\n<p>Ver\u00f3nica Cabada, vecina del lugar consider\u00f3 que \u00abno es justo que las autoridades municipales s\u00f3lo est\u00e9n pensando en la fiesta, en la borrachera, en los artistas que van a venir, pero no se preocupen de lo m\u00e1s importante, que es dotar del vital l\u00edquido a la poblaci\u00f3n\u00bb.<\/p>\n\n\n\n<p>Mientras que do\u00f1a Rosa Galv\u00e1n lament\u00f3 que \u00abno llega el agua, pero s\u00ed los recibos, y a pesar de que se paguen no nos echan el agua, y tenemos que comprar pipas, as\u00ed que resulta que Chilpancingo es la ciudad en la que nos sale m\u00e1s cara el agua, porque pagamos recibo y compramos pipa\u00bb.<\/p>\n\n\n\n<p>El bloqueo en la Avenida Alem\u00e1n inici\u00f3 desde las 7:30 de la manana de este martes, primero a la altura de la Escuela Primaria Morelos hacia el sur de la ciudad, pero conforme pasaba el tiempo se ampli\u00f3 a m\u00e1s calles como la Antonia Nava de Catal\u00e1n y 20 de Noviembre, para ejercer presi\u00f3n en las autoridades, porque no acudi\u00f3 ning\u00fan responsable por parte de Capach para buscar mediar, y llegar a acuerdos para que se retirara el bloqueo.<\/p>\n\n\n\n<p>Amagaron con que si Capach no les manda agua en estos d\u00edas, no permitir\u00e1n que pase el Pend\u00f3n por esa avenida, \u00abya nos pusimos de acuerdo con vecinos y familiares para bloquear la avenida y no permitir que pase por aqu\u00ed el Pend\u00f3n si no nos mandan agua, no es posible que s\u00f3lo piensen en pachangas y en algo tan importante como suministrar el agua no lo tengan como prioridad\u00bb.<\/p>\n\n\n\n<div class=\"wp-block-jetpack-slideshow aligncenter\" data-effect=\"slide\"><div class=\"wp-block-jetpack-slideshow_container swiper-container\"><ul class=\"wp-block-jetpack-slideshow_swiper-wrapper swiper-wrapper\"><li class=\"wp-block-jetpack-slideshow_slide swiper-slide\"><figure><img decoding=\"async\" src=\"data:image\/gif;base64,R0lGODlhAQABAIAAAAAAAP\/\/\/ywAAAAAAQABAAACAUwAOw==\" fifu-lazy=\"1\" fifu-data-sizes=\"auto\" fifu-data-srcset=\"https:\/\/i2.wp.com\/interaccionnoticias.com.mx\/wp-content\/uploads\/2022\/12\/221213-bloquean-la-avenida-Miguel-Aleman-1-1024x683.jpeg?ssl=1&w=75&resize=75&ssl=1 75w, https:\/\/i2.wp.com\/interaccionnoticias.com.mx\/wp-content\/uploads\/2022\/12\/221213-bloquean-la-avenida-Miguel-Aleman-1-1024x683.jpeg?ssl=1&w=100&resize=100&ssl=1 100w, https:\/\/i2.wp.com\/interaccionnoticias.com.mx\/wp-content\/uploads\/2022\/12\/221213-bloquean-la-avenida-Miguel-Aleman-1-1024x683.jpeg?ssl=1&w=150&resize=150&ssl=1 150w, https:\/\/i2.wp.com\/interaccionnoticias.com.mx\/wp-content\/uploads\/2022\/12\/221213-bloquean-la-avenida-Miguel-Aleman-1-1024x683.jpeg?ssl=1&w=240&resize=240&ssl=1 240w, https:\/\/i2.wp.com\/interaccionnoticias.com.mx\/wp-content\/uploads\/2022\/12\/221213-bloquean-la-avenida-Miguel-Aleman-1-1024x683.jpeg?ssl=1&w=320&resize=320&ssl=1 320w, https:\/\/i2.wp.com\/interaccionnoticias.com.mx\/wp-content\/uploads\/2022\/12\/221213-bloquean-la-avenida-Miguel-Aleman-1-1024x683.jpeg?ssl=1&w=500&resize=500&ssl=1 500w, https:\/\/i2.wp.com\/interaccionnoticias.com.mx\/wp-content\/uploads\/2022\/12\/221213-bloquean-la-avenida-Miguel-Aleman-1-1024x683.jpeg?ssl=1&w=640&resize=640&ssl=1 640w, https:\/\/i2.wp.com\/interaccionnoticias.com.mx\/wp-content\/uploads\/2022\/12\/221213-bloquean-la-avenida-Miguel-Aleman-1-1024x683.jpeg?ssl=1&w=800&resize=800&ssl=1 800w, https:\/\/i2.wp.com\/interaccionnoticias.com.mx\/wp-content\/uploads\/2022\/12\/221213-bloquean-la-avenida-Miguel-Aleman-1-1024x683.jpeg?ssl=1&w=1024&resize=1024&ssl=1 1024w, https:\/\/i2.wp.com\/interaccionnoticias.com.mx\/wp-content\/uploads\/2022\/12\/221213-bloquean-la-avenida-Miguel-Aleman-1-1024x683.jpeg?ssl=1&w=1280&resize=1280&ssl=1 1280w, https:\/\/i2.wp.com\/interaccionnoticias.com.mx\/wp-content\/uploads\/2022\/12\/221213-bloquean-la-avenida-Miguel-Aleman-1-1024x683.jpeg?ssl=1&w=1600&resize=1600&ssl=1 1600w\" alt=\"\" class=\"wp-block-jetpack-slideshow_image wp-image-54674\" data-id=\"54674\" fifu-data-src=\"https:\/\/i2.wp.com\/interaccionnoticias.com.mx\/wp-content\/uploads\/2022\/12\/221213-bloquean-la-avenida-Miguel-Aleman-1-1024x683.jpeg?ssl=1\"\/><\/figure><\/li><li class=\"wp-block-jetpack-slideshow_slide swiper-slide\"><figure><img decoding=\"async\" src=\"data:image\/gif;base64,R0lGODlhAQABAIAAAAAAAP\/\/\/ywAAAAAAQABAAACAUwAOw==\" fifu-lazy=\"1\" fifu-data-sizes=\"auto\" fifu-data-srcset=\"https:\/\/i3.wp.com\/interaccionnoticias.com.mx\/wp-content\/uploads\/2022\/12\/221213-bloquean-la-avenida-Miguel-Aleman-2-1024x683.jpeg?ssl=1&w=75&resize=75&ssl=1 75w, https:\/\/i3.wp.com\/interaccionnoticias.com.mx\/wp-content\/uploads\/2022\/12\/221213-bloquean-la-avenida-Miguel-Aleman-2-1024x683.jpeg?ssl=1&w=100&resize=100&ssl=1 100w, https:\/\/i3.wp.com\/interaccionnoticias.com.mx\/wp-content\/uploads\/2022\/12\/221213-bloquean-la-avenida-Miguel-Aleman-2-1024x683.jpeg?ssl=1&w=150&resize=150&ssl=1 150w, https:\/\/i3.wp.com\/interaccionnoticias.com.mx\/wp-content\/uploads\/2022\/12\/221213-bloquean-la-avenida-Miguel-Aleman-2-1024x683.jpeg?ssl=1&w=240&resize=240&ssl=1 240w, https:\/\/i3.wp.com\/interaccionnoticias.com.mx\/wp-content\/uploads\/2022\/12\/221213-bloquean-la-avenida-Miguel-Aleman-2-1024x683.jpeg?ssl=1&w=320&resize=320&ssl=1 320w, https:\/\/i3.wp.com\/interaccionnoticias.com.mx\/wp-content\/uploads\/2022\/12\/221213-bloquean-la-avenida-Miguel-Aleman-2-1024x683.jpeg?ssl=1&w=500&resize=500&ssl=1 500w, https:\/\/i3.wp.com\/interaccionnoticias.com.mx\/wp-content\/uploads\/2022\/12\/221213-bloquean-la-avenida-Miguel-Aleman-2-1024x683.jpeg?ssl=1&w=640&resize=640&ssl=1 640w, https:\/\/i3.wp.com\/interaccionnoticias.com.mx\/wp-content\/uploads\/2022\/12\/221213-bloquean-la-avenida-Miguel-Aleman-2-1024x683.jpeg?ssl=1&w=800&resize=800&ssl=1 800w, https:\/\/i3.wp.com\/interaccionnoticias.com.mx\/wp-content\/uploads\/2022\/12\/221213-bloquean-la-avenida-Miguel-Aleman-2-1024x683.jpeg?ssl=1&w=1024&resize=1024&ssl=1 1024w, https:\/\/i3.wp.com\/interaccionnoticias.com.mx\/wp-content\/uploads\/2022\/12\/221213-bloquean-la-avenida-Miguel-Aleman-2-1024x683.jpeg?ssl=1&w=1280&resize=1280&ssl=1 1280w, https:\/\/i3.wp.com\/interaccionnoticias.com.mx\/wp-content\/uploads\/2022\/12\/221213-bloquean-la-avenida-Miguel-Aleman-2-1024x683.jpeg?ssl=1&w=1600&resize=1600&ssl=1 1600w\" alt=\"\" class=\"wp-block-jetpack-slideshow_image wp-image-54675\" data-id=\"54675\" fifu-data-src=\"https:\/\/i3.wp.com\/interaccionnoticias.com.mx\/wp-content\/uploads\/2022\/12\/221213-bloquean-la-avenida-Miguel-Aleman-2-1024x683.jpeg?ssl=1\"\/><\/figure><\/li><\/ul><a class=\"wp-block-jetpack-slideshow_button-prev swiper-button-prev swiper-button-white\" role=\"button\"><\/a><a class=\"wp-block-jetpack-slideshow_button-next swiper-button-next swiper-button-white\" role=\"button\"><\/a><a aria-label=\"Pause Slideshow\" class=\"wp-block-jetpack-slideshow_button-pause\" role=\"button\"><\/a><div class=\"wp-block-jetpack-slideshow_pagination swiper-pagination swiper-pagination-white\"><\/div><\/div><\/div>\n","protected":false},"excerpt":{"rendered":"<p>&#8212; Amagan con no permitir que circule por esa vialidad el Paseo del Pend\u00f3n el pr\u00f3ximo domingo Rosario Garc\u00eda Orozco Chilpancingo, Gro., 13 de diciembre del 2022.- Vecinos del centro&hellip; <\/p>\n","protected":false},"author":14,"featured_media":54675,"comment_status":"open","ping_status":"open","sticky":false,"template":"","format":"standard","meta":{"fifu_image_url":"","fifu_image_alt":"","footnotes":""},"categories":[13],"tags":[],"class_list":["post-54673","post","type-post","status-publish","format-standard","has-post-thumbnail","hentry","category-capital"],"_links":{"self":[{"href":"https:\/\/www.interaccionnoticias.com.mx\/index.php?rest_route=\/wp\/v2\/posts\/54673","targetHints":{"allow":["GET"]}}],"collection":[{"href":"https:\/\/www.interaccionnoticias.com.mx\/index.php?rest_route=\/wp\/v2\/posts"}],"about":[{"href":"https:\/\/www.interaccionnoticias.com.mx\/index.php?rest_route=\/wp\/v2\/types\/post"}],"author":[{"embeddable":true,"href":"https:\/\/www.interaccionnoticias.com.mx\/index.php?rest_route=\/wp\/v2\/users\/14"}],"replies":[{"embeddable":true,"href":"https:\/\/www.interaccionnoticias.com.mx\/index.php?rest_route=%2Fwp%2Fv2%2Fcomments&post=54673"}],"version-history":[{"count":1,"href":"https:\/\/www.interaccionnoticias.com.mx\/index.php?rest_route=\/wp\/v2\/posts\/54673\/revisions"}],"predecessor-version":[{"id":54676,"href":"https:\/\/www.interaccionnoticias.com.mx\/index.php?rest_route=\/wp\/v2\/posts\/54673\/revisions\/54676"}],"wp:featuredmedia":[{"embeddable":true,"href":"https:\/\/www.interaccionnoticias.com.mx\/index.php?rest_route=\/wp\/v2\/media\/54675"}],"wp:attachment":[{"href":"https:\/\/www.interaccionnoticias.com.mx\/index.php?rest_route=%2Fwp%2Fv2%2Fmedia&parent=54673"}],"wp:term":[{"taxonomy":"category","embeddable":true,"href":"https:\/\/www.interaccionnoticias.com.mx\/index.php?rest_route=%2Fwp%2Fv2%2Fcategories&post=54673"},{"taxonomy":"post_tag","embeddable":true,"href":"https:\/\/www.interaccionnoticias.com.mx\/index.php?rest_route=%2Fwp%2Fv2%2Ftags&post=54673"}],"curies":[{"name":"wp","href":"https:\/\/api.w.org\/{rel}","templated":true}]}}