{"id":5449,"date":"2017-06-15T22:22:26","date_gmt":"2017-06-16T03:22:26","guid":{"rendered":"http:\/\/www.inter-accion.com.mx\/?p=5449"},"modified":"2017-06-15T22:22:26","modified_gmt":"2017-06-16T03:22:26","slug":"sale-de-prision-la-hermana-del-principal-promotor-de-la-crac-en-tixtla","status":"publish","type":"post","link":"https:\/\/www.interaccionnoticias.com.mx\/?p=5449","title":{"rendered":"Sale de prisi\u00f3n la hermana del principal promotor de la CRAC en Tixtla"},"content":{"rendered":"\n<p class=\"m_8896382925684555170xgmail-m1146106961592312730gmail-xmsonormal\"><strong>A Claudia Molina Gonz\u00e1lez, no le acreditaron delitos como robo, terrorismo y lesiones<\/strong><\/p>\n<p class=\"m_8896382925684555170xgmail-m1146106961592312730gmail-xmsonormal\">La tarde del jueves, Claudia Molina Gonz\u00e1lez, hermana de Gonzalo, el principal promotor de la Polic\u00eda Comunitaria (PC) en Tixtla fue liberada, luego de que no se le encontraran elementos para mantenerla en prisi\u00f3n por los delitos de lesiones calificadas; robo, privaci\u00f3n de la libertad, robo espec\u00edfico y terrorismo.<\/p>\n<p class=\"m_8896382925684555170xgmail-m1146106961592312730gmail-xmsonormal\">Aproximadamente a las 16:30 horas del 15 de junio, Molina Gonz\u00e1lez fue notificada por el Juez Tercero del Ramo Penal de primera instancia, del Distrito Judicial de Bravos, en el sentdo de que no se hab\u00eda acreditado plenamente la comisi\u00f3n de los delitos de lesiones calificadas y robo.<\/p>\n<p class=\"m_8896382925684555170xgmail-m1146106961592312730gmail-xmsonormal\">Para las 18:00 horas, la Juez Segundo del Ramo Penal, tambi\u00e9n del Distrito Judicial de Bravos determin\u00f3 que no se acreditaron los delitos de terrorismo, privaci\u00f3n de la libertad, robo espec\u00edfico y lesiones agravadas.<\/p>\n<p class=\"m_8896382925684555170xgmail-m1146106961592312730gmail-xmsonormal\">La defensa de Claudia, admiti\u00f3 que el Ministerio P\u00fablico tiene la posibilidad de inconformarse con el auto de libertad, por lo que se deben buscar todav\u00eda m\u00e1s elementos para afianzar la libertad a favor de la promotora de la CRAC en Tixtla. &nbsp;<\/p>\n<p class=\"m_8896382925684555170xgmail-m1146106961592312730gmail-xmsonormal\">Se indic\u00f3 que hay todav\u00eda por lo menos diez \u00f3rdenes de aprehensi\u00f3n contra integrantes de la comunitaria en el Barrio del Fort\u00edn, lo que refleja que no hay en el gobierno estatal el \u00e1nimo de propiciar una conciliaci\u00f3n.<\/p>\n<p class=\"m_8896382925684555170xgmail-m1146106961592312730gmail-xmsonormal\">Claudia es hermana de Gonzalo Molina Gonz\u00e1lez, promotor de la CRAC en el barrio El Fort\u00edn, en Tixtla, quien todav\u00eda permanece preso en el Centro de Reinserci\u00f3n Social (CERESO) de Chilpancingo, por los mismos delitos.<\/p>\n<p class=\"m_8896382925684555170xgmail-m1146106961592312730gmail-xmsonormal\">&nbsp;&nbsp;<\/p>\n","protected":false},"excerpt":{"rendered":"<p>A Claudia Molina Gonz\u00e1lez, no le acreditaron delitos como robo, terrorismo y lesiones La tarde del jueves, Claudia Molina Gonz\u00e1lez, hermana de Gonzalo, el principal promotor de la Polic\u00eda Comunitaria&hellip; <\/p>\n","protected":false},"author":1,"featured_media":0,"comment_status":"closed","ping_status":"closed","sticky":false,"template":"","format":"standard","meta":{"fifu_image_url":"","fifu_image_alt":"","footnotes":""},"categories":[8,15],"tags":[],"class_list":["post-5449","post","type-post","status-publish","format-standard","hentry","category-featured","category-movimientos-sociales"],"_links":{"self":[{"href":"https:\/\/www.interaccionnoticias.com.mx\/index.php?rest_route=\/wp\/v2\/posts\/5449","targetHints":{"allow":["GET"]}}],"collection":[{"href":"https:\/\/www.interaccionnoticias.com.mx\/index.php?rest_route=\/wp\/v2\/posts"}],"about":[{"href":"https:\/\/www.interaccionnoticias.com.mx\/index.php?rest_route=\/wp\/v2\/types\/post"}],"author":[{"embeddable":true,"href":"https:\/\/www.interaccionnoticias.com.mx\/index.php?rest_route=\/wp\/v2\/users\/1"}],"replies":[{"embeddable":true,"href":"https:\/\/www.interaccionnoticias.com.mx\/index.php?rest_route=%2Fwp%2Fv2%2Fcomments&post=5449"}],"version-history":[{"count":0,"href":"https:\/\/www.interaccionnoticias.com.mx\/index.php?rest_route=\/wp\/v2\/posts\/5449\/revisions"}],"wp:attachment":[{"href":"https:\/\/www.interaccionnoticias.com.mx\/index.php?rest_route=%2Fwp%2Fv2%2Fmedia&parent=5449"}],"wp:term":[{"taxonomy":"category","embeddable":true,"href":"https:\/\/www.interaccionnoticias.com.mx\/index.php?rest_route=%2Fwp%2Fv2%2Fcategories&post=5449"},{"taxonomy":"post_tag","embeddable":true,"href":"https:\/\/www.interaccionnoticias.com.mx\/index.php?rest_route=%2Fwp%2Fv2%2Ftags&post=5449"}],"curies":[{"name":"wp","href":"https:\/\/api.w.org\/{rel}","templated":true}]}}