{"id":54404,"date":"2022-12-07T14:32:42","date_gmt":"2022-12-07T20:32:42","guid":{"rendered":"https:\/\/interaccionnoticias.com.mx\/?p=54404"},"modified":"2022-12-07T14:32:47","modified_gmt":"2022-12-07T20:32:47","slug":"no-cede-el-covid-19-hay-mas-casos-positivos-en-guerrero","status":"publish","type":"post","link":"https:\/\/www.interaccionnoticias.com.mx\/?p=54404","title":{"rendered":"No cede el Covid-19, hay m\u00e1s casos positivos en Guerrero"},"content":{"rendered":"\n<p><strong><em>&#8212; Las autoridades insisten en mantener las medidas de prevenci\u00f3n<\/em><\/strong><\/p>\n\n\n\n<p><strong>Rogelio Agust\u00edn<\/strong><\/p>\n\n\n\n<p>De 210, el n\u00famero de casos positivos de Covid-19 en el estado de Guerrero subi\u00f3 a 249, en un lapso de apenas 24 horas, la Secretar\u00eda de Salud insiste en mantener activas las medidas de prevenci\u00f3n.<\/p>\n\n\n\n<p>La ocupaci\u00f3n hospitalaria se mantiene en 5 por ciento, y hasta el momento no se tienen reportes de muertes provovados por el virus.<\/p>\n\n\n\n<p>En el acumulado hist\u00f3rico de la pandemia, Guerrero tiene 116 mil 332 casos confirmados y 6 mil 852 defunciones.<\/p>\n\n\n\n<p>Para el corte m\u00e1s reciente, en el estado se tienen 249 casos activos de Covid-19, los que se distrbuyen en 18 municipios, el primer lugar lo ocupa Acapulco con 186; Chilpancingo con 24; Zihuatanejo 11; Iguala tiene 9; Taxco, 4; Atoyac, 2; Pungarabato, 2; Arcelia, 1; Ayutla, 1 y Chilapa 1.<\/p>\n\n\n\n<p>La Secretar\u00eda de Salud mantiene el llamado a la poblaci\u00f3n para respetar las medidas preventivas establecidas por la federaci\u00f3n.<\/p>\n\n\n\n<p>Entre dichas medidas, se recuerda que est\u00e1n el correcto lavado de manos, uso de cubrebocas, as\u00ed como evitar aglomeraciones.<\/p>\n\n\n\n<p>Se recomienda a las personas, que en cuanto presenten alg\u00fan s\u00edntoma, acudan a sus centros de salud de las 8 jurisdicciones sanitarias para realizarse la prueba Covid-19 de manera gratuita.<br><\/p>\n","protected":false},"excerpt":{"rendered":"<p>&#8212; Las autoridades insisten en mantener las medidas de prevenci\u00f3n Rogelio Agust\u00edn De 210, el n\u00famero de casos positivos de Covid-19 en el estado de Guerrero subi\u00f3 a 249, en&hellip; <\/p>\n","protected":false},"author":21,"featured_media":54405,"comment_status":"open","ping_status":"open","sticky":false,"template":"","format":"standard","meta":{"fifu_image_url":"","fifu_image_alt":"","footnotes":""},"categories":[3],"tags":[],"class_list":["post-54404","post","type-post","status-publish","format-standard","has-post-thumbnail","hentry","category-covid-19"],"_links":{"self":[{"href":"https:\/\/www.interaccionnoticias.com.mx\/index.php?rest_route=\/wp\/v2\/posts\/54404","targetHints":{"allow":["GET"]}}],"collection":[{"href":"https:\/\/www.interaccionnoticias.com.mx\/index.php?rest_route=\/wp\/v2\/posts"}],"about":[{"href":"https:\/\/www.interaccionnoticias.com.mx\/index.php?rest_route=\/wp\/v2\/types\/post"}],"author":[{"embeddable":true,"href":"https:\/\/www.interaccionnoticias.com.mx\/index.php?rest_route=\/wp\/v2\/users\/21"}],"replies":[{"embeddable":true,"href":"https:\/\/www.interaccionnoticias.com.mx\/index.php?rest_route=%2Fwp%2Fv2%2Fcomments&post=54404"}],"version-history":[{"count":1,"href":"https:\/\/www.interaccionnoticias.com.mx\/index.php?rest_route=\/wp\/v2\/posts\/54404\/revisions"}],"predecessor-version":[{"id":54406,"href":"https:\/\/www.interaccionnoticias.com.mx\/index.php?rest_route=\/wp\/v2\/posts\/54404\/revisions\/54406"}],"wp:featuredmedia":[{"embeddable":true,"href":"https:\/\/www.interaccionnoticias.com.mx\/index.php?rest_route=\/wp\/v2\/media\/54405"}],"wp:attachment":[{"href":"https:\/\/www.interaccionnoticias.com.mx\/index.php?rest_route=%2Fwp%2Fv2%2Fmedia&parent=54404"}],"wp:term":[{"taxonomy":"category","embeddable":true,"href":"https:\/\/www.interaccionnoticias.com.mx\/index.php?rest_route=%2Fwp%2Fv2%2Fcategories&post=54404"},{"taxonomy":"post_tag","embeddable":true,"href":"https:\/\/www.interaccionnoticias.com.mx\/index.php?rest_route=%2Fwp%2Fv2%2Ftags&post=54404"}],"curies":[{"name":"wp","href":"https:\/\/api.w.org\/{rel}","templated":true}]}}