{"id":54389,"date":"2022-12-07T12:28:17","date_gmt":"2022-12-07T18:28:17","guid":{"rendered":"https:\/\/interaccionnoticias.com.mx\/?p=54389"},"modified":"2022-12-07T12:28:22","modified_gmt":"2022-12-07T18:28:22","slug":"se-prepara-guerrero-para-recibir-a-miles-de-turistas-en-la-temporada-vacacional-de-invierno-2022","status":"publish","type":"post","link":"https:\/\/www.interaccionnoticias.com.mx\/?p=54389","title":{"rendered":"Se prepara Guerrero para recibir a miles de turistas en la temporada vacacional de invierno 2022"},"content":{"rendered":"\n<p><em><strong>&#8212; Autoridades de los tres niveles de gobierno alistan operativo de seguridad por tierra, aire y mar<\/strong><\/em><\/p>\n\n\n\n<p><strong>Acapulco, Gro., 7 de diciembre de 2022.- <\/strong>En Guerrero se implementar\u00e1 un operativo para garantizar la seguridad de los turistas nacionales e internacionales que visiten los destinos tur\u00edsticos guerrerenses en sus vacaciones de fin de a\u00f1o.<\/p>\n\n\n\n<p>El secretario de Turismo de Guerrero, Santos Ram\u00edrez Cuevas, se reuni\u00f3 con representantes de los tres niveles de gobierno con la finalidad de generar una estrategia integral de seguridad y protecci\u00f3n para recibir a los vacacionistas, en la que se acord\u00f3 el reforzamiento de las medidas de seguridad en las playas, puntos de vigilancia permanente en carreteras y sitios de afluencia tur\u00edstica y, la instalaci\u00f3n de m\u00f3dulos de atenci\u00f3n m\u00e9dica, as\u00ed como el apoyo de ambulancias.<\/p>\n\n\n\n<p>En el encuentro que se realiz\u00f3 en el sal\u00f3n Dolores Olmedo del Centro Internacional Acapulco, se dijo que debido a que se espera una mayor afluencia de turistas, las autoridades se mantendr\u00e1n en constante vigilancia para inhibir los delitos y minimizar riesgos.<\/p>\n\n\n\n<p>En Acapulco, la Secretar\u00eda de Protecci\u00f3n Civil del estado en conjunto con la Coordinaci\u00f3n de Protecci\u00f3n Civil y Bomberos del municipio, la Promotora y Administradora de Playas, la Polic\u00eda Tur\u00edstica y el Centro de Atenci\u00f3n y Protecci\u00f3n al Turista, atender\u00e1n las playas con la presencia de salvavidas, abarcando desde Barra Vieja hasta Pie de la Cuesta.<\/p>\n\n\n\n<p>La Secretar\u00eda de Marina colaborar\u00e1 en las tareas de playa y tambi\u00e9n brindar\u00e1 protecci\u00f3n en el mar, robusteciendo la prevenci\u00f3n y protecci\u00f3n en el espejo de agua en coordinaci\u00f3n con las Capitan\u00edas de Puerto.<\/p>\n\n\n\n<p>La Secretar\u00eda de la Defensa Nacional realizar\u00e1 operativos en coordinaci\u00f3n con la Guardia Nacional y las secretar\u00edas de Seguridad Estatal y Municipal, para salvaguardar a los visitantes a lo largo de la franja tur\u00edstica y en los m\u00e1s concurridos atractivos tur\u00edsticos del puerto.<\/p>\n\n\n\n<p>As\u00ed tambi\u00e9n se colocar\u00e1n m\u00f3dulos de atenci\u00f3n por parte de la Secretar\u00eda de Protecci\u00f3n Civil del estado, la Coordinaci\u00f3n de Protecci\u00f3n Civil y Bomberos de Acapulco, la Secretar\u00eda de Salud estatal y la Secretar\u00eda de Marina a lo largo de la franja tur\u00edstica. desde la zona tradicional hasta Barra Vieja.<\/p>\n\n\n\n<p>La Polic\u00eda Tur\u00edstica y CAPTA contar\u00e1n con param\u00e9dicos m\u00f3viles, y la Cruz Roja Mexicana con tres ambulancias durante las 24 horas.<\/p>\n\n\n\n<p>La Secretar\u00eda de Turismo estatal a trav\u00e9s de la Procuradur\u00eda del Turista y Locatel, as\u00ed como la Delegaci\u00f3n en Guerrero de PROFECO, mantendr\u00e1n operativos constantes en las principales zonas tur\u00edsticas para atender a los visitantes y lograr una adecuada interacci\u00f3n con los prestadores de servicios tur\u00edsticos.<\/p>\n\n\n\n<p>La vigilancia en la Autopista del Sol se ha reforzado por parte de la Guardia Nacional, la Secretar\u00eda de Seguridad Estatal y la Fiscal\u00eda General del Estado, manteniendo puntos de vigilancia permanente en caseta Paso Morelos, Puente Solidaridad, poblado Huiziltepec, kil\u00f3metro 238 Retorno San Judas, caseta Palo Blanco, puente Papagayo, entronque Dos Arroyos y la caseta La Venta.<\/p>\n\n\n\n<p>Los \u00c1ngeles Verdes intensificar\u00e1n sus recorridos a lo largo de las principales carreteras para brindar el servicio de auxilio. Tambi\u00e9n se contar\u00e1 con apoyo de la CAPUFE a fin de que las carreteras est\u00e9n en condiciones \u00f3ptimas para recibir a los visitantes.<\/p>\n\n\n\n<div class=\"wp-block-jetpack-slideshow aligncenter\" data-effect=\"slide\"><div class=\"wp-block-jetpack-slideshow_container swiper-container\"><ul class=\"wp-block-jetpack-slideshow_swiper-wrapper swiper-wrapper\"><li class=\"wp-block-jetpack-slideshow_slide swiper-slide\"><figure><img decoding=\"async\" src=\"data:image\/gif;base64,R0lGODlhAQABAIAAAAAAAP\/\/\/ywAAAAAAQABAAACAUwAOw==\" fifu-lazy=\"1\" fifu-data-sizes=\"auto\" fifu-data-srcset=\"https:\/\/i1.wp.com\/interaccionnoticias.com.mx\/wp-content\/uploads\/2022\/12\/221207-temporada-vacacional-1-1024x683.jpeg?ssl=1&w=75&resize=75&ssl=1 75w, https:\/\/i1.wp.com\/interaccionnoticias.com.mx\/wp-content\/uploads\/2022\/12\/221207-temporada-vacacional-1-1024x683.jpeg?ssl=1&w=100&resize=100&ssl=1 100w, https:\/\/i1.wp.com\/interaccionnoticias.com.mx\/wp-content\/uploads\/2022\/12\/221207-temporada-vacacional-1-1024x683.jpeg?ssl=1&w=150&resize=150&ssl=1 150w, https:\/\/i1.wp.com\/interaccionnoticias.com.mx\/wp-content\/uploads\/2022\/12\/221207-temporada-vacacional-1-1024x683.jpeg?ssl=1&w=240&resize=240&ssl=1 240w, https:\/\/i1.wp.com\/interaccionnoticias.com.mx\/wp-content\/uploads\/2022\/12\/221207-temporada-vacacional-1-1024x683.jpeg?ssl=1&w=320&resize=320&ssl=1 320w, https:\/\/i1.wp.com\/interaccionnoticias.com.mx\/wp-content\/uploads\/2022\/12\/221207-temporada-vacacional-1-1024x683.jpeg?ssl=1&w=500&resize=500&ssl=1 500w, https:\/\/i1.wp.com\/interaccionnoticias.com.mx\/wp-content\/uploads\/2022\/12\/221207-temporada-vacacional-1-1024x683.jpeg?ssl=1&w=640&resize=640&ssl=1 640w, https:\/\/i1.wp.com\/interaccionnoticias.com.mx\/wp-content\/uploads\/2022\/12\/221207-temporada-vacacional-1-1024x683.jpeg?ssl=1&w=800&resize=800&ssl=1 800w, https:\/\/i1.wp.com\/interaccionnoticias.com.mx\/wp-content\/uploads\/2022\/12\/221207-temporada-vacacional-1-1024x683.jpeg?ssl=1&w=1024&resize=1024&ssl=1 1024w, https:\/\/i1.wp.com\/interaccionnoticias.com.mx\/wp-content\/uploads\/2022\/12\/221207-temporada-vacacional-1-1024x683.jpeg?ssl=1&w=1280&resize=1280&ssl=1 1280w, https:\/\/i1.wp.com\/interaccionnoticias.com.mx\/wp-content\/uploads\/2022\/12\/221207-temporada-vacacional-1-1024x683.jpeg?ssl=1&w=1600&resize=1600&ssl=1 1600w\" alt=\"\" class=\"wp-block-jetpack-slideshow_image wp-image-54390\" data-id=\"54390\" fifu-data-src=\"https:\/\/i1.wp.com\/interaccionnoticias.com.mx\/wp-content\/uploads\/2022\/12\/221207-temporada-vacacional-1-1024x683.jpeg?ssl=1\"\/><\/figure><\/li><li class=\"wp-block-jetpack-slideshow_slide swiper-slide\"><figure><img decoding=\"async\" src=\"data:image\/gif;base64,R0lGODlhAQABAIAAAAAAAP\/\/\/ywAAAAAAQABAAACAUwAOw==\" fifu-lazy=\"1\" fifu-data-sizes=\"auto\" fifu-data-srcset=\"https:\/\/i0.wp.com\/interaccionnoticias.com.mx\/wp-content\/uploads\/2022\/12\/221207-temporada-vacacional-2-1024x683.jpeg?ssl=1&w=75&resize=75&ssl=1 75w, https:\/\/i0.wp.com\/interaccionnoticias.com.mx\/wp-content\/uploads\/2022\/12\/221207-temporada-vacacional-2-1024x683.jpeg?ssl=1&w=100&resize=100&ssl=1 100w, https:\/\/i0.wp.com\/interaccionnoticias.com.mx\/wp-content\/uploads\/2022\/12\/221207-temporada-vacacional-2-1024x683.jpeg?ssl=1&w=150&resize=150&ssl=1 150w, https:\/\/i0.wp.com\/interaccionnoticias.com.mx\/wp-content\/uploads\/2022\/12\/221207-temporada-vacacional-2-1024x683.jpeg?ssl=1&w=240&resize=240&ssl=1 240w, https:\/\/i0.wp.com\/interaccionnoticias.com.mx\/wp-content\/uploads\/2022\/12\/221207-temporada-vacacional-2-1024x683.jpeg?ssl=1&w=320&resize=320&ssl=1 320w, https:\/\/i0.wp.com\/interaccionnoticias.com.mx\/wp-content\/uploads\/2022\/12\/221207-temporada-vacacional-2-1024x683.jpeg?ssl=1&w=500&resize=500&ssl=1 500w, https:\/\/i0.wp.com\/interaccionnoticias.com.mx\/wp-content\/uploads\/2022\/12\/221207-temporada-vacacional-2-1024x683.jpeg?ssl=1&w=640&resize=640&ssl=1 640w, https:\/\/i0.wp.com\/interaccionnoticias.com.mx\/wp-content\/uploads\/2022\/12\/221207-temporada-vacacional-2-1024x683.jpeg?ssl=1&w=800&resize=800&ssl=1 800w, https:\/\/i0.wp.com\/interaccionnoticias.com.mx\/wp-content\/uploads\/2022\/12\/221207-temporada-vacacional-2-1024x683.jpeg?ssl=1&w=1024&resize=1024&ssl=1 1024w, https:\/\/i0.wp.com\/interaccionnoticias.com.mx\/wp-content\/uploads\/2022\/12\/221207-temporada-vacacional-2-1024x683.jpeg?ssl=1&w=1280&resize=1280&ssl=1 1280w, https:\/\/i0.wp.com\/interaccionnoticias.com.mx\/wp-content\/uploads\/2022\/12\/221207-temporada-vacacional-2-1024x683.jpeg?ssl=1&w=1600&resize=1600&ssl=1 1600w\" alt=\"\" class=\"wp-block-jetpack-slideshow_image wp-image-54391\" data-id=\"54391\" fifu-data-src=\"https:\/\/i0.wp.com\/interaccionnoticias.com.mx\/wp-content\/uploads\/2022\/12\/221207-temporada-vacacional-2-1024x683.jpeg?ssl=1\"\/><\/figure><\/li><li class=\"wp-block-jetpack-slideshow_slide swiper-slide\"><figure><img decoding=\"async\" src=\"data:image\/gif;base64,R0lGODlhAQABAIAAAAAAAP\/\/\/ywAAAAAAQABAAACAUwAOw==\" fifu-lazy=\"1\" fifu-data-sizes=\"auto\" fifu-data-srcset=\"https:\/\/i0.wp.com\/interaccionnoticias.com.mx\/wp-content\/uploads\/2022\/12\/221207-temporada-vacacional-3-1024x683.jpeg?ssl=1&w=75&resize=75&ssl=1 75w, https:\/\/i0.wp.com\/interaccionnoticias.com.mx\/wp-content\/uploads\/2022\/12\/221207-temporada-vacacional-3-1024x683.jpeg?ssl=1&w=100&resize=100&ssl=1 100w, https:\/\/i0.wp.com\/interaccionnoticias.com.mx\/wp-content\/uploads\/2022\/12\/221207-temporada-vacacional-3-1024x683.jpeg?ssl=1&w=150&resize=150&ssl=1 150w, https:\/\/i0.wp.com\/interaccionnoticias.com.mx\/wp-content\/uploads\/2022\/12\/221207-temporada-vacacional-3-1024x683.jpeg?ssl=1&w=240&resize=240&ssl=1 240w, https:\/\/i0.wp.com\/interaccionnoticias.com.mx\/wp-content\/uploads\/2022\/12\/221207-temporada-vacacional-3-1024x683.jpeg?ssl=1&w=320&resize=320&ssl=1 320w, https:\/\/i0.wp.com\/interaccionnoticias.com.mx\/wp-content\/uploads\/2022\/12\/221207-temporada-vacacional-3-1024x683.jpeg?ssl=1&w=500&resize=500&ssl=1 500w, https:\/\/i0.wp.com\/interaccionnoticias.com.mx\/wp-content\/uploads\/2022\/12\/221207-temporada-vacacional-3-1024x683.jpeg?ssl=1&w=640&resize=640&ssl=1 640w, https:\/\/i0.wp.com\/interaccionnoticias.com.mx\/wp-content\/uploads\/2022\/12\/221207-temporada-vacacional-3-1024x683.jpeg?ssl=1&w=800&resize=800&ssl=1 800w, https:\/\/i0.wp.com\/interaccionnoticias.com.mx\/wp-content\/uploads\/2022\/12\/221207-temporada-vacacional-3-1024x683.jpeg?ssl=1&w=1024&resize=1024&ssl=1 1024w, https:\/\/i0.wp.com\/interaccionnoticias.com.mx\/wp-content\/uploads\/2022\/12\/221207-temporada-vacacional-3-1024x683.jpeg?ssl=1&w=1280&resize=1280&ssl=1 1280w, https:\/\/i0.wp.com\/interaccionnoticias.com.mx\/wp-content\/uploads\/2022\/12\/221207-temporada-vacacional-3-1024x683.jpeg?ssl=1&w=1600&resize=1600&ssl=1 1600w\" alt=\"\" class=\"wp-block-jetpack-slideshow_image wp-image-54392\" data-id=\"54392\" fifu-data-src=\"https:\/\/i0.wp.com\/interaccionnoticias.com.mx\/wp-content\/uploads\/2022\/12\/221207-temporada-vacacional-3-1024x683.jpeg?ssl=1\"\/><\/figure><\/li><\/ul><a class=\"wp-block-jetpack-slideshow_button-prev swiper-button-prev swiper-button-white\" role=\"button\"><\/a><a class=\"wp-block-jetpack-slideshow_button-next swiper-button-next swiper-button-white\" role=\"button\"><\/a><a aria-label=\"Pause Slideshow\" class=\"wp-block-jetpack-slideshow_button-pause\" role=\"button\"><\/a><div class=\"wp-block-jetpack-slideshow_pagination swiper-pagination swiper-pagination-white\"><\/div><\/div><\/div>\n","protected":false},"excerpt":{"rendered":"<p>&#8212; Autoridades de los tres niveles de gobierno alistan operativo de seguridad por tierra, aire y mar Acapulco, Gro., 7 de diciembre de 2022.- En Guerrero se implementar\u00e1 un operativo&hellip; <\/p>\n","protected":false},"author":19,"featured_media":54392,"comment_status":"open","ping_status":"open","sticky":false,"template":"","format":"standard","meta":{"fifu_image_url":"","fifu_image_alt":"","footnotes":""},"categories":[11],"tags":[],"class_list":["post-54389","post","type-post","status-publish","format-standard","has-post-thumbnail","hentry","category-guerrero"],"_links":{"self":[{"href":"https:\/\/www.interaccionnoticias.com.mx\/index.php?rest_route=\/wp\/v2\/posts\/54389","targetHints":{"allow":["GET"]}}],"collection":[{"href":"https:\/\/www.interaccionnoticias.com.mx\/index.php?rest_route=\/wp\/v2\/posts"}],"about":[{"href":"https:\/\/www.interaccionnoticias.com.mx\/index.php?rest_route=\/wp\/v2\/types\/post"}],"author":[{"embeddable":true,"href":"https:\/\/www.interaccionnoticias.com.mx\/index.php?rest_route=\/wp\/v2\/users\/19"}],"replies":[{"embeddable":true,"href":"https:\/\/www.interaccionnoticias.com.mx\/index.php?rest_route=%2Fwp%2Fv2%2Fcomments&post=54389"}],"version-history":[{"count":1,"href":"https:\/\/www.interaccionnoticias.com.mx\/index.php?rest_route=\/wp\/v2\/posts\/54389\/revisions"}],"predecessor-version":[{"id":54393,"href":"https:\/\/www.interaccionnoticias.com.mx\/index.php?rest_route=\/wp\/v2\/posts\/54389\/revisions\/54393"}],"wp:featuredmedia":[{"embeddable":true,"href":"https:\/\/www.interaccionnoticias.com.mx\/index.php?rest_route=\/wp\/v2\/media\/54392"}],"wp:attachment":[{"href":"https:\/\/www.interaccionnoticias.com.mx\/index.php?rest_route=%2Fwp%2Fv2%2Fmedia&parent=54389"}],"wp:term":[{"taxonomy":"category","embeddable":true,"href":"https:\/\/www.interaccionnoticias.com.mx\/index.php?rest_route=%2Fwp%2Fv2%2Fcategories&post=54389"},{"taxonomy":"post_tag","embeddable":true,"href":"https:\/\/www.interaccionnoticias.com.mx\/index.php?rest_route=%2Fwp%2Fv2%2Ftags&post=54389"}],"curies":[{"name":"wp","href":"https:\/\/api.w.org\/{rel}","templated":true}]}}