{"id":5433,"date":"2017-06-15T20:32:16","date_gmt":"2017-06-16T01:32:16","guid":{"rendered":"http:\/\/www.inter-accion.com.mx\/?p=5433"},"modified":"2017-06-15T20:32:16","modified_gmt":"2017-06-16T01:32:16","slug":"propone-mc-procedimiento-especial-indigena-en-materia-penal","status":"publish","type":"post","link":"https:\/\/www.interaccionnoticias.com.mx\/?p=5433","title":{"rendered":"Propone MC procedimiento especial ind\u00edgena en materia Penal"},"content":{"rendered":"<p>Con la entrada en vigor del Nuevo Sistema de Justicia Penal Acusatorio, mismo que inici\u00f3 a partir del d\u00eda 18 de junio del a\u00f1o que antecede; el grupo parlamentario de Movimiento Ciudadano en voz del diputado Silvano Blanco Deaquino, present\u00f3 ante el pleno un punto de acuerdo en el que exhorta al Consejo de la Judicatura Federal as\u00ed como tambi\u00e9n al Consejo de la Judicatura del estado de Guerrero, para que apliquen correctamente lo dispuesto en el art\u00edculo 420, del C\u00f3digo Nacional de Procedimientos Penales, cuando la v\u00edctima e imputado sean personas ind\u00edgenas, para que de esta forma se pueda acceder a una justicia de manera pronta y expedita.<br \/>\nBlanco Deaquino dio lectura al documento en el que redacta, que el Nuevo Sistema de Justicia no ha dado resultados como esperaban, mencion\u00f3 que Guerrero requiere que sus autoridades sean justos con sus ciudadanos y para ello, es necesario regular y aplicar un protocolo a nivel nacional y local, cuando las personas, v\u00edctimas y victimarios sean de origen ind\u00edgena.<br \/>\nManifest\u00f3 que es importante que los \u00f3rganos jurisdiccionales, tanto federales como locales pongan en pr\u00e1ctica los procedimientos especiales para la poblaci\u00f3n ind\u00edgena y no seguir permitiendo m\u00e1s injusticias, recalc\u00f3 que en nuestro pa\u00eds y en nuestro estado, la procuraci\u00f3n y administraci\u00f3n de justicia es lenta, perezosa e injusta para los pueblos y comunidades ind\u00edgenas.<br \/>\n\u201cCompa\u00f1eros esto no es otra cosa m\u00e1s que implementar lo que ya est\u00e1 en el Sistema de Justicia Penal y que tiene obligatoriedad para el estado de Guerrero, consideramos que puede ser una alternativa adecuada para los miles de paisanos Guerrerenses que no tienen un acceso adecuado de impartici\u00f3n de justicia en nuestro estado\u201d Finaliz\u00f3 Silvano Blanco.&nbsp;<\/p>\n","protected":false},"excerpt":{"rendered":"<p>Con la entrada en vigor del Nuevo Sistema de Justicia Penal Acusatorio, mismo que inici\u00f3 a partir del d\u00eda 18 de junio del a\u00f1o que antecede; el grupo parlamentario de&hellip; <\/p>\n","protected":false},"author":1,"featured_media":0,"comment_status":"closed","ping_status":"closed","sticky":false,"template":"","format":"standard","meta":{"fifu_image_url":"","fifu_image_alt":"","footnotes":""},"categories":[2,8],"tags":[],"class_list":["post-5433","post","type-post","status-publish","format-standard","hentry","category-congreso","category-featured"],"_links":{"self":[{"href":"https:\/\/www.interaccionnoticias.com.mx\/index.php?rest_route=\/wp\/v2\/posts\/5433","targetHints":{"allow":["GET"]}}],"collection":[{"href":"https:\/\/www.interaccionnoticias.com.mx\/index.php?rest_route=\/wp\/v2\/posts"}],"about":[{"href":"https:\/\/www.interaccionnoticias.com.mx\/index.php?rest_route=\/wp\/v2\/types\/post"}],"author":[{"embeddable":true,"href":"https:\/\/www.interaccionnoticias.com.mx\/index.php?rest_route=\/wp\/v2\/users\/1"}],"replies":[{"embeddable":true,"href":"https:\/\/www.interaccionnoticias.com.mx\/index.php?rest_route=%2Fwp%2Fv2%2Fcomments&post=5433"}],"version-history":[{"count":0,"href":"https:\/\/www.interaccionnoticias.com.mx\/index.php?rest_route=\/wp\/v2\/posts\/5433\/revisions"}],"wp:attachment":[{"href":"https:\/\/www.interaccionnoticias.com.mx\/index.php?rest_route=%2Fwp%2Fv2%2Fmedia&parent=5433"}],"wp:term":[{"taxonomy":"category","embeddable":true,"href":"https:\/\/www.interaccionnoticias.com.mx\/index.php?rest_route=%2Fwp%2Fv2%2Fcategories&post=5433"},{"taxonomy":"post_tag","embeddable":true,"href":"https:\/\/www.interaccionnoticias.com.mx\/index.php?rest_route=%2Fwp%2Fv2%2Ftags&post=5433"}],"curies":[{"name":"wp","href":"https:\/\/api.w.org\/{rel}","templated":true}]}}