{"id":5430,"date":"2017-06-15T20:27:25","date_gmt":"2017-06-16T01:27:25","guid":{"rendered":"http:\/\/www.inter-accion.com.mx\/?p=5430"},"modified":"2017-06-15T20:27:25","modified_gmt":"2017-06-16T01:27:25","slug":"ciudadanos-de-ayutla-exigen-respeto-a-modelo-a-para-eleccion-de-usos-y-costumbres","status":"publish","type":"post","link":"https:\/\/www.interaccionnoticias.com.mx\/?p=5430","title":{"rendered":"Ciudadanos de Ayutla exigen respeto a modelo \u201cA\u201d para elecci\u00f3n de usos y costumbres"},"content":{"rendered":"<p>Despu\u00e9s de ser avalada la elecci\u00f3n por usos y costumbres en Ayutla, promotores y autoridades de ese municipio propusieron que el 15 de junio sea declarado como el D\u00eda Internacional de la Consulta de los Pueblos Ind\u00edgenas.<br \/>\nEl abogado de la Uni\u00f3n de Pueblos y Organizaciones del Estado de Guerrero (UPOEG), Manuel V\u00e1zquez Quintero llam\u00f3 a los partidos pol\u00edticos a respetar lo acordado por el pleno del IEPC.<br \/>\nEn la sesi\u00f3n extraordinaria de este jueves, al menos 5 representantes de partidos pol\u00edticos anunciaron que no impugnar\u00e1n el acuerdo aprobado por el instituto electoral.<br \/>\nLos promotores lamentaron que durante la sesi\u00f3n de este jueves, el representante del Partido de la Revoluci\u00f3n Democr\u00e1tica (PRD) ante el IEPC Nicanor Adame Serrano, haya descalificado la decisi\u00f3n de la ciudadan\u00eda, bajo el argumento de tener pruebas de que el proceso estuvo \u201censuciado\u201d.<br \/>\nV\u00e1zquez Quintero, record\u00f3 que las actividades del 10 y 11 de junio, estuvieron plagadas de compra de votos y amenazas de quienes pertenecen al sistema de partidos pol\u00edticos.<br \/>\nEl PRD y el Partido Verde Ecologista de M\u00e9xico (PVEM), fueron algunas instituciones denunciadas por el abogado.<br \/>\n\u201cConflicto no creo, porque la gente son los que van a determinar, estamos esperando que los partidos puedan generar conflicto por la resistencia y por las prerrogativas que est\u00e1n preocupados, que se les est\u00e1n perdiendo\u201d, precis\u00f3.<br \/>\nInform\u00f3 que otros municipios han manifestado su inter\u00e9s de cambiar la forma en c\u00f3mo elegir su gobierno, como San Luis Acatl\u00e1n y Tecoanapa, y resalt\u00f3 que coadyuvar\u00e1n en \u201cempoderar\u201d a las comunidades.<br \/>\nDe acuerdo con el plan de trabajo para la definici\u00f3n del proceso electivo en Ayutla, despu\u00e9s de ser avalados los resultados de la consulta realizada el pasado 10 y 11 de junio, el IEPC realizar\u00e1 asambleas informativas para dar a conocer el c\u00f3mputo final de los votos, los cuales reflejaron la aceptaci\u00f3n del modelo A de representantes.&nbsp;<\/p>\n","protected":false},"excerpt":{"rendered":"<p>Despu\u00e9s de ser avalada la elecci\u00f3n por usos y costumbres en Ayutla, promotores y autoridades de ese municipio propusieron que el 15 de junio sea declarado como el D\u00eda Internacional&hellip; <\/p>\n","protected":false},"author":1,"featured_media":0,"comment_status":"closed","ping_status":"closed","sticky":false,"template":"","format":"standard","meta":{"fifu_image_url":"","fifu_image_alt":"","footnotes":""},"categories":[8,17],"tags":[],"class_list":["post-5430","post","type-post","status-publish","format-standard","hentry","category-featured","category-organos-electorales"],"_links":{"self":[{"href":"https:\/\/www.interaccionnoticias.com.mx\/index.php?rest_route=\/wp\/v2\/posts\/5430","targetHints":{"allow":["GET"]}}],"collection":[{"href":"https:\/\/www.interaccionnoticias.com.mx\/index.php?rest_route=\/wp\/v2\/posts"}],"about":[{"href":"https:\/\/www.interaccionnoticias.com.mx\/index.php?rest_route=\/wp\/v2\/types\/post"}],"author":[{"embeddable":true,"href":"https:\/\/www.interaccionnoticias.com.mx\/index.php?rest_route=\/wp\/v2\/users\/1"}],"replies":[{"embeddable":true,"href":"https:\/\/www.interaccionnoticias.com.mx\/index.php?rest_route=%2Fwp%2Fv2%2Fcomments&post=5430"}],"version-history":[{"count":0,"href":"https:\/\/www.interaccionnoticias.com.mx\/index.php?rest_route=\/wp\/v2\/posts\/5430\/revisions"}],"wp:attachment":[{"href":"https:\/\/www.interaccionnoticias.com.mx\/index.php?rest_route=%2Fwp%2Fv2%2Fmedia&parent=5430"}],"wp:term":[{"taxonomy":"category","embeddable":true,"href":"https:\/\/www.interaccionnoticias.com.mx\/index.php?rest_route=%2Fwp%2Fv2%2Fcategories&post=5430"},{"taxonomy":"post_tag","embeddable":true,"href":"https:\/\/www.interaccionnoticias.com.mx\/index.php?rest_route=%2Fwp%2Fv2%2Ftags&post=5430"}],"curies":[{"name":"wp","href":"https:\/\/api.w.org\/{rel}","templated":true}]}}