{"id":5427,"date":"2017-06-15T20:18:00","date_gmt":"2017-06-16T01:18:00","guid":{"rendered":"http:\/\/www.inter-accion.com.mx\/?p=5427"},"modified":"2017-06-15T20:18:00","modified_gmt":"2017-06-16T01:18:00","slug":"organizaciones-feministas-insisten-en-la-alerta-por-violencia-de-genero-en-guerrero","status":"publish","type":"post","link":"https:\/\/www.interaccionnoticias.com.mx\/?p=5427","title":{"rendered":"Organizaciones feministas insisten en  la Alerta por Violencia de G\u00e9nero en Guerrero"},"content":{"rendered":"<p><strong>Ante la gran cantidad de asesinatos contra mujeres&nbsp;<\/strong><\/p>\n<p class=\"m_4112431490690469852xmsonormal\"><span lang=\"ES\">Organizaciones defensoras de los derechos de las mujeres insistieron en la necesidad de que en Guerrero se emita una alerta por violencia de g\u00e9nero, a partir de la cantidad de asesinatos dolosos cometidos en los \u00faltimos d\u00edas.<\/span><\/p>\n<p class=\"m_4112431490690469852xmsonormal\"><span lang=\"ES\">Liduvina Gallardo Suastegui, integrante de la Alianza Feminista en Guerrero, consider\u00f3 que la emisi\u00f3n de la Alerta por violencia de G\u00e9nero en la entidad es urgente, para comenzar hacer algo en la lucha porque las agresiones contra las mujeres bajen de intensidad.<\/span><\/p>\n<p class=\"m_4112431490690469852xmsonormal\"><span lang=\"ES\">Tras sostener una reuni\u00f3n en las instalaciones del Congreso local, Gallardo Suastegui manifest\u00f3 que la estad\u00edstica en cuanto a homicidios dolosos en contra de las mujeres se ha estado moviendo de manera importante en las zonas urbanas, rurales e ind\u00edgenas de la entidad.<\/span><\/p>\n<p class=\"m_4112431490690469852xmsonormal\"><span lang=\"ES\">De los cr\u00edmenes que se han cometido en contra de mujeres en lo que va del a\u00f1o, la activista refiere que hasta el momento la Fiscal\u00eda General del Estado (FGE) no ha dado un informe respecto cuantos encuadran en el tipo legal del feminicidio.<\/span><\/p>\n<p class=\"m_4112431490690469852xmsonormal\"><span lang=\"ES\">El que dicha dependencia guarde silencio ante un tema tan delicado, sostuvo que es una muestra de que no se hace gran cosa por tener certeza respecto a lo que pasa en el tema de los feminicidios.<\/span><\/p>\n<p class=\"m_4112431490690469852xmsonormal\"><span lang=\"ES\">\u201cLo que observamos es que no quieren asumir su responsabilidad, pues eso conlleva reconocer que hay una situaci\u00f3n de alerta en la entidad, por esa raz\u00f3n es que necesitamos que cada quien haga lo que le corresponde\u201d, anot\u00f3.<\/span><\/p>\n<p class=\"m_4112431490690469852xmsonormal\"><span lang=\"ES\">Solo en Chilpancingo, entre los meses de mayo y junio se registraron siete asesinatos cometidos contra mujeres.<\/span><\/p>\n<p class=\"m_4112431490690469852xmsonormal\"><span lang=\"ES\">El fin de semana, dos mujeres fueron asesinadas con sus parejas en Chilapa, mientras que la jornada de mi\u00e9rcoles dos mujeres m\u00e1s fueron ejecutadas con el tiro de gracia en Chilpancingo, pero la relaci\u00f3n se acrecent\u00f3 con otras dos mujeres asesinadas en el puerto de Acapulco la ma\u00f1ana del jueves.<\/span><\/p>\n<p class=\"m_4112431490690469852xmsonormal\"><span lang=\"ES\">En la reuni\u00f3n que se desarroll\u00f3 el jueves en el Congreso local, participaron Eva Albavera, de la asociaci\u00f3n Equidad en Movimiento;<\/span><\/p>\n<p class=\"m_4112431490690469852xmsonormal\"><span lang=\"ES\">M\u00f3nica Payan, del Grupo Plural y<\/span><\/p>\n<p class=\"m_4112431490690469852xmsonormal\"><span lang=\"ES\">Nadia Maciel, representante del comit\u00e9 por una maternidad segura.<\/span><\/p>\n<p class=\"m_4112431490690469852xmsonormal\"><span lang=\"ES\">Todas ellas manifestaron su preocupaci\u00f3n por el alto \u00edndice de asesinatos de mujeres que se han registrado en las \u00faltimas semanas.<\/span><\/p>\n","protected":false},"excerpt":{"rendered":"<p>Ante la gran cantidad de asesinatos contra mujeres&nbsp; Organizaciones defensoras de los derechos de las mujeres insistieron en la necesidad de que en Guerrero se emita una alerta por violencia&hellip; <\/p>\n","protected":false},"author":1,"featured_media":0,"comment_status":"closed","ping_status":"closed","sticky":false,"template":"","format":"standard","meta":{"fifu_image_url":"","fifu_image_alt":"","footnotes":""},"categories":[8,15],"tags":[],"class_list":["post-5427","post","type-post","status-publish","format-standard","hentry","category-featured","category-movimientos-sociales"],"_links":{"self":[{"href":"https:\/\/www.interaccionnoticias.com.mx\/index.php?rest_route=\/wp\/v2\/posts\/5427","targetHints":{"allow":["GET"]}}],"collection":[{"href":"https:\/\/www.interaccionnoticias.com.mx\/index.php?rest_route=\/wp\/v2\/posts"}],"about":[{"href":"https:\/\/www.interaccionnoticias.com.mx\/index.php?rest_route=\/wp\/v2\/types\/post"}],"author":[{"embeddable":true,"href":"https:\/\/www.interaccionnoticias.com.mx\/index.php?rest_route=\/wp\/v2\/users\/1"}],"replies":[{"embeddable":true,"href":"https:\/\/www.interaccionnoticias.com.mx\/index.php?rest_route=%2Fwp%2Fv2%2Fcomments&post=5427"}],"version-history":[{"count":0,"href":"https:\/\/www.interaccionnoticias.com.mx\/index.php?rest_route=\/wp\/v2\/posts\/5427\/revisions"}],"wp:attachment":[{"href":"https:\/\/www.interaccionnoticias.com.mx\/index.php?rest_route=%2Fwp%2Fv2%2Fmedia&parent=5427"}],"wp:term":[{"taxonomy":"category","embeddable":true,"href":"https:\/\/www.interaccionnoticias.com.mx\/index.php?rest_route=%2Fwp%2Fv2%2Fcategories&post=5427"},{"taxonomy":"post_tag","embeddable":true,"href":"https:\/\/www.interaccionnoticias.com.mx\/index.php?rest_route=%2Fwp%2Fv2%2Ftags&post=5427"}],"curies":[{"name":"wp","href":"https:\/\/api.w.org\/{rel}","templated":true}]}}