{"id":5423,"date":"2017-06-15T18:52:34","date_gmt":"2017-06-15T23:52:34","guid":{"rendered":"http:\/\/www.inter-accion.com.mx\/?p=5423"},"modified":"2017-06-15T18:52:34","modified_gmt":"2017-06-15T23:52:34","slug":"familiares-niegan-que-detenidos-en-casa-de-seguridad-sean-miembros-del-cartel-de-la-sierra","status":"publish","type":"post","link":"https:\/\/www.interaccionnoticias.com.mx\/?p=5423","title":{"rendered":"Familiares niegan que detenidos en casa de seguridad sean miembros del C\u00e1rtel de la Sierra"},"content":{"rendered":"<p><strong>Sostienen que s\u00ed eran v\u00edctimas de secuestro&nbsp;<\/strong><\/p>\n<p class=\"m_-3749481937596638152xmsonormal\"><span lang=\"ES\">Familiares de personas detenidas la tarde del martes en una casa de seguridad, ubicada en el sector oriente de Chilpancingo acudieron a la delegaci\u00f3n de la Procuradur\u00eda General de la Rep\u00fablica (PRG) para rechazar que tengan v\u00ednculos con el crimen organizado, como lo consign\u00f3 la Secretar\u00eda de Seguridad P\u00fablica (SSP).<\/span><\/p>\n<p class=\"m_-3749481937596638152xmsonormal\"><span lang=\"ES\">La tarde del martes 13 de junio, elementos de la SSP sostuvieron una persecuci\u00f3n con presuntos integrantes del crimen organizado que se desplazaban a bordo de dos motocicletas, lo que deriv\u00f3 en la ubicaci\u00f3n de una casa de seguridad.<\/span><\/p>\n<p class=\"m_-3749481937596638152xmsonormal\"><span lang=\"ES\">Aunque los individuos que se trasladaban en las motocicletas consiguieron escapar, la Polic\u00eda del Estado confirm\u00f3 la detenci\u00f3n de dos mujeres de 19 y 15 a\u00f1os de edad, que de acuerdo al reporte de los uniformados, dijeron ser parte del grupo conocido como \u201cLos Rojos\u201d.<\/span><\/p>\n<p class=\"m_-3749481937596638152xmsonormal\"><span lang=\"ES\">Dentro de la vivienda, el personal de la SSP encontr\u00f3 a tres hombres, que de acuerdo con un comunicado del mismo martes, dado a conocer por el vocero del Grupo de Coordinaci\u00f3n Guerrero (GCG), Roberto Alvarez Heredia, en un primer instante dijeron que estaban en calidad de secuestrados.<\/span><\/p>\n<p class=\"m_-3749481937596638152xmsonormal\"><span lang=\"ES\">Para la jornada del mi\u00e9rcoles 14, la SSP emiti\u00f3 un comunicado en el que sostiene que los tres varones que se encontraron en la vivienda, estaban armados y dijeron pertenecer al C\u00e1rtel de la Sierra. &nbsp;<\/span><\/p>\n<p class=\"m_-3749481937596638152xmsonormal\"><span lang=\"ES\">Los varones ten\u00edan 55, 48 y 19 a\u00f1os de edad, junto con las otras mujeres y un arsenal compuesto por armas de uso exclusivo del Ej\u00e9rcito, as\u00ed como granadas de fragmentaci\u00f3n, las dos motos y un veh\u00edculo fueron puestos a disposici\u00f3n de la PGR.<\/span><\/p>\n<p class=\"m_-3749481937596638152xmsonormal\"><span lang=\"ES\">Este martes, familiares de los tres varones se presentaron a las instalaciones de la PGR para se\u00f1ala que no se trata de delincuentes, pues son personas que trabajan y que no tienen v\u00ednculos con actividades fuera de la ley.<\/span><\/p>\n<p class=\"m_-3749481937596638152xmsonormal\"><span lang=\"ES\">Uno de los mayores trabaja en un taller el\u00e9ctrico, el joven de 19 a\u00f1os es chal\u00e1n en un taller de mec\u00e1nica general.<\/span><\/p>\n<p class=\"m_-3749481937596638152xmsonormal\"><span lang=\"ES\">De este \u00faltimo, indicaron que fue privado de la libertad en la cancha de futbol de la colonia Lomas del Poniente, lo secuestraron y hasta pidieron dinero a cambio de liberaron con vida.<\/span><\/p>\n<p class=\"m_-3749481937596638152xmsonormal\"><span lang=\"ES\">\u201cLa familia ya estaba juntando entre conocidos algo de dinero para pagar si quiera parte del rescate, pero antes de hacerlo, reconocimos al muchacho en un video que se transmiti\u00f3 en redes sociales\u201d, se\u00f1al\u00f3 un familiar de Edwin, el de 19 a\u00f1os.<\/span><\/p>\n<p class=\"m_-3749481937596638152xmsonormal\"><span lang=\"ES\">Por las publicaciones en redes, las familias supieron que los vinculaban con la delincuencia organizada y que este jueves se resolver\u00eda si los liberan o los canalizan a la Subprocuradur\u00eda Especializada en Delincuencia Organizada (SEIDO).<\/span><\/p>\n<p class=\"m_-3749481937596638152xmsonormal\"><span lang=\"ES\">Las autoridades solicitaron elementos para comprobar que los tres detenidos no tienen v\u00ednculos con el crimen organizado, por lo que durante toda la jornada se dieron a la tarea de buscar pruebas y testimonios para presentarlos ante el Ministerio P\u00fablico Federal.<\/span><\/p>\n<p class=\"m_-3749481937596638152xmsonormal\"><span lang=\"ES\">Los otros familiares tambi\u00e9n acudieron a la PGR para defender a sus seres queridos, pero se abstuvieron de cruzar mucha informaci\u00f3n con los reporteros.<\/span><\/p>\n<p class=\"m_-3749481937596638152xmsonormal\"><span lang=\"ES\">&nbsp;<\/span><\/p>\n","protected":false},"excerpt":{"rendered":"<p>Sostienen que s\u00ed eran v\u00edctimas de secuestro&nbsp; Familiares de personas detenidas la tarde del martes en una casa de seguridad, ubicada en el sector oriente de Chilpancingo acudieron a la&hellip; <\/p>\n","protected":false},"author":1,"featured_media":0,"comment_status":"closed","ping_status":"closed","sticky":false,"template":"","format":"standard","meta":{"fifu_image_url":"","fifu_image_alt":"","footnotes":""},"categories":[8,27],"tags":[],"class_list":["post-5423","post","type-post","status-publish","format-standard","hentry","category-featured","category-seguridad-publica"],"_links":{"self":[{"href":"https:\/\/www.interaccionnoticias.com.mx\/index.php?rest_route=\/wp\/v2\/posts\/5423","targetHints":{"allow":["GET"]}}],"collection":[{"href":"https:\/\/www.interaccionnoticias.com.mx\/index.php?rest_route=\/wp\/v2\/posts"}],"about":[{"href":"https:\/\/www.interaccionnoticias.com.mx\/index.php?rest_route=\/wp\/v2\/types\/post"}],"author":[{"embeddable":true,"href":"https:\/\/www.interaccionnoticias.com.mx\/index.php?rest_route=\/wp\/v2\/users\/1"}],"replies":[{"embeddable":true,"href":"https:\/\/www.interaccionnoticias.com.mx\/index.php?rest_route=%2Fwp%2Fv2%2Fcomments&post=5423"}],"version-history":[{"count":0,"href":"https:\/\/www.interaccionnoticias.com.mx\/index.php?rest_route=\/wp\/v2\/posts\/5423\/revisions"}],"wp:attachment":[{"href":"https:\/\/www.interaccionnoticias.com.mx\/index.php?rest_route=%2Fwp%2Fv2%2Fmedia&parent=5423"}],"wp:term":[{"taxonomy":"category","embeddable":true,"href":"https:\/\/www.interaccionnoticias.com.mx\/index.php?rest_route=%2Fwp%2Fv2%2Fcategories&post=5423"},{"taxonomy":"post_tag","embeddable":true,"href":"https:\/\/www.interaccionnoticias.com.mx\/index.php?rest_route=%2Fwp%2Fv2%2Ftags&post=5423"}],"curies":[{"name":"wp","href":"https:\/\/api.w.org\/{rel}","templated":true}]}}