{"id":5406,"date":"2017-06-15T13:54:30","date_gmt":"2017-06-15T18:54:30","guid":{"rendered":"http:\/\/www.inter-accion.com.mx\/?p=5406"},"modified":"2017-06-15T13:54:30","modified_gmt":"2017-06-15T18:54:30","slug":"en-chilpancingo-tercer-dia-de-congestionamiento-vial","status":"publish","type":"post","link":"https:\/\/www.interaccionnoticias.com.mx\/?p=5406","title":{"rendered":"En Chilpancingo, tercer d\u00eda de congestionamiento vial"},"content":{"rendered":"<p>Trabajadores sindicalizados cierran las principales calles del centro&nbsp;<!--more--><br \/>\nLa capital de Guerrero enfrenta el tercer d\u00eda de bloqueos a sus principales avenidas del centro, ante el desacuerdo generado por la petici\u00f3n de un incremento salarial del 15 para los trabajadores de base, que adem\u00e1s reclaman el alza de un 30 por ciento en sus prestaciones.<br \/>\nDesde las 10:00 horas, los integrantes de la secci\u00f3n 28 del Sindicato Unico de Servidores P\u00fablicos del Estado de Guerrero (SUSPEG) se plantaron en los cruceros que unen a las avenidas Benito Ju\u00e1rez; Francisco I. Madero, Ignacio Ram\u00edrez, Miguel Alem\u00e1n, Juan N. Alvarez, adem\u00e1s de calles como Valerio Trujano, Crist\u00f3bal Col\u00f3n, Ignacio Manuel Altamirano y Belisario Dom\u00ednguez.<br \/>\nLa causa del bloqueo, es que hasta el momento, el gobierno municipal que encabeza Marco Antonio Leyva Mena no cede ante la demanda de que los trabajadores de base reciban un incremento salarial del 15 por ciento, adem\u00e1s de que las prestaciones tengan un movimiento a la alza del 30 por ciento.<br \/>\nLa propuesta del alcalde Leyva Mena es de 8 por ciento de incremento en salario base y 10 por ciento en prestaciones, de entrada se\u00f1alan que no es viable autorizar lo que piden los sindicalizados.<br \/>\nHasta el momento, no hay se\u00f1ales de que el conflicto tenga una soluci\u00f3n, pues las partes mantienen sus posturas de manera irreductible.<\/p>\n","protected":false},"excerpt":{"rendered":"<p>Trabajadores sindicalizados cierran las principales calles del centro&nbsp;<\/p>\n","protected":false},"author":1,"featured_media":0,"comment_status":"closed","ping_status":"closed","sticky":false,"template":"","format":"standard","meta":{"fifu_image_url":"","fifu_image_alt":"","footnotes":""},"categories":[8,15],"tags":[],"class_list":["post-5406","post","type-post","status-publish","format-standard","hentry","category-featured","category-movimientos-sociales"],"_links":{"self":[{"href":"https:\/\/www.interaccionnoticias.com.mx\/index.php?rest_route=\/wp\/v2\/posts\/5406","targetHints":{"allow":["GET"]}}],"collection":[{"href":"https:\/\/www.interaccionnoticias.com.mx\/index.php?rest_route=\/wp\/v2\/posts"}],"about":[{"href":"https:\/\/www.interaccionnoticias.com.mx\/index.php?rest_route=\/wp\/v2\/types\/post"}],"author":[{"embeddable":true,"href":"https:\/\/www.interaccionnoticias.com.mx\/index.php?rest_route=\/wp\/v2\/users\/1"}],"replies":[{"embeddable":true,"href":"https:\/\/www.interaccionnoticias.com.mx\/index.php?rest_route=%2Fwp%2Fv2%2Fcomments&post=5406"}],"version-history":[{"count":0,"href":"https:\/\/www.interaccionnoticias.com.mx\/index.php?rest_route=\/wp\/v2\/posts\/5406\/revisions"}],"wp:attachment":[{"href":"https:\/\/www.interaccionnoticias.com.mx\/index.php?rest_route=%2Fwp%2Fv2%2Fmedia&parent=5406"}],"wp:term":[{"taxonomy":"category","embeddable":true,"href":"https:\/\/www.interaccionnoticias.com.mx\/index.php?rest_route=%2Fwp%2Fv2%2Fcategories&post=5406"},{"taxonomy":"post_tag","embeddable":true,"href":"https:\/\/www.interaccionnoticias.com.mx\/index.php?rest_route=%2Fwp%2Fv2%2Ftags&post=5406"}],"curies":[{"name":"wp","href":"https:\/\/api.w.org\/{rel}","templated":true}]}}